{"id":17768,"date":"2019-03-20T20:03:29","date_gmt":"2019-03-20T23:03:29","guid":{"rendered":"https:\/\/www.facet.unt.edu.ar\/facetinforma\/?p=17768"},"modified":"2019-03-20T20:45:42","modified_gmt":"2019-03-20T23:45:42","slug":"defensa-de-tesis-doctoral-del-lic-ezequiel-tosi","status":"publish","type":"post","link":"https:\/\/www.facet.unt.edu.ar\/facetinforma\/2019\/03\/20\/defensa-de-tesis-doctoral-del-lic-ezequiel-tosi\/","title":{"rendered":"Defensa de Tesis Doctoral del Lic. Ezequiel Tosi"},"content":{"rendered":"<p>Se invita a la comunidad universitaria a la defensa oral y p\u00fablica de tesis del <strong>Licenciado Ezequiel Tosi<\/strong>, titulada \u201cEstudios de Superficies de Nanoestructuras Semiconductoras\u201d, para acceder al t\u00edtulo acad\u00e9mico de Doctor en Ciencias Exactas e Ingenier\u00eda, FACET, UNT. <!--more--><\/p>\n<p>El acto acad\u00e9mico de defensa tendr\u00e1 lugar el <strong>viernes 22 de marzo<\/strong>, a las 10:00 hs, en la Sala de Medios Audiovisuales de la FACET \u2013 UNT, Block 3, 1er piso.<\/p>\n<p>La tesis estuvo bajo la direcci\u00f3n del Dr. David Comedi, y co-direcci\u00f3n de la Dra. Mar\u00eda Alejandra Mart\u00ednez.<\/p>\n<p>El Tribunal Examinador estar\u00e1 integrado por:<br \/>\n<span style=\"text-decoration: underline;\">Jurado de Tesis<\/span>:<br \/>\nDra.Gabriela Simonelli (FACET-UNT)<br \/>\nDr. Hugo Del Luj\u00e1n Ascolani (CNEA &#8211; BARILOCHE &#8211; ARGENTINA)<br \/>\nDr. Julio Ferr\u00f3n (Director del Instituto de F\u00edsica del Litoral &#8211; CONICET)<\/p>\n<p><span style=\"text-decoration: underline;\">Por la Comisi\u00f3n de Supervisi\u00f3n de Tesis<\/span>:<br \/>\nDra. M\u00f3nica Cecilia Tirado (FACET &#8211; UNT)<\/p>\n","protected":false},"excerpt":{"rendered":"<p>Se invita a la comunidad universitaria a la defensa oral y p\u00fablica de tesis del Licenciado Ezequiel Tosi, titulada \u201cEstudios de Superficies de Nanoestructuras Semiconductoras\u201d, para acceder al t\u00edtulo acad\u00e9mico de Doctor en Ciencias Exactas e Ingenier\u00eda, FACET, UNT.<\/p>\n","protected":false},"author":6,"featured_media":0,"comment_status":"closed","ping_status":"closed","sticky":false,"template":"","format":"standard","meta":[],"categories":[5],"tags":[],"_links":{"self":[{"href":"https:\/\/www.facet.unt.edu.ar\/facetinforma\/wp-json\/wp\/v2\/posts\/17768"}],"collection":[{"href":"https:\/\/www.facet.unt.edu.ar\/facetinforma\/wp-json\/wp\/v2\/posts"}],"about":[{"href":"https:\/\/www.facet.unt.edu.ar\/facetinforma\/wp-json\/wp\/v2\/types\/post"}],"author":[{"embeddable":true,"href":"https:\/\/www.facet.unt.edu.ar\/facetinforma\/wp-json\/wp\/v2\/users\/6"}],"replies":[{"embeddable":true,"href":"https:\/\/www.facet.unt.edu.ar\/facetinforma\/wp-json\/wp\/v2\/comments?post=17768"}],"version-history":[{"count":2,"href":"https:\/\/www.facet.unt.edu.ar\/facetinforma\/wp-json\/wp\/v2\/posts\/17768\/revisions"}],"predecessor-version":[{"id":17778,"href":"https:\/\/www.facet.unt.edu.ar\/facetinforma\/wp-json\/wp\/v2\/posts\/17768\/revisions\/17778"}],"wp:attachment":[{"href":"https:\/\/www.facet.unt.edu.ar\/facetinforma\/wp-json\/wp\/v2\/media?parent=17768"}],"wp:term":[{"taxonomy":"category","embeddable":true,"href":"https:\/\/www.facet.unt.edu.ar\/facetinforma\/wp-json\/wp\/v2\/categories?post=17768"},{"taxonomy":"post_tag","embeddable":true,"href":"https:\/\/www.facet.unt.edu.ar\/facetinforma\/wp-json\/wp\/v2\/tags?post=17768"}],"curies":[{"name":"wp","href":"https:\/\/api.w.org\/{rel}","templated":true}]}}