{"id":17772,"date":"2019-03-20T20:25:21","date_gmt":"2019-03-20T23:25:21","guid":{"rendered":"https:\/\/www.facet.unt.edu.ar\/facetinforma\/?p=17772"},"modified":"2019-03-20T20:25:21","modified_gmt":"2019-03-20T23:25:21","slug":"ecifacet-2019-llamado-a-inscripcion-y-envio-de-resumenes-tercera-circular","status":"publish","type":"post","link":"https:\/\/www.facet.unt.edu.ar\/facetinforma\/2019\/03\/20\/ecifacet-2019-llamado-a-inscripcion-y-envio-de-resumenes-tercera-circular\/","title":{"rendered":"ECIFACET 2019 &#8211; Llamado a inscripci\u00f3n y env\u00edo de res\u00famenes &#8211; Tercera Circular"},"content":{"rendered":"<p>Las Autoridades de la FACET invitan a participar a docentes, investigadores, alumnos de postgrado, grado y pregrado del\u00a0<strong>\u201cEncuentro Cient\u00edfico de Investigadores de la FACET (ECIFACET)\u201d<\/strong>\u00a0que se realizar\u00e1 en las instalaciones de la FACET los d\u00edas\u00a0<strong>25 y 26 de Abril de 2019<\/strong>. El evento est\u00e1 abierto al personal no-docente, alumnos y a toda la comunidad educativa en general. <!--more--><\/p>\n<p>Fechas Importantes:<br \/>\n<u>Fecha l\u00edmite de env\u00edo de res\u00famenes<\/u>:\u00a0<strong>10 de Abril de 2019.<\/strong><br \/>\n<u>Comunicaci\u00f3n del Programa de Actividades<\/u>:\u00a0<strong>15 de Abril de 2019<\/strong>.<\/p>\n<p>M\u00e1s informaci\u00f3n sobre el encuentro en la siguiente circular: &#8211;\u00a0<a href=\"https:\/\/www.facet.unt.edu.ar\/facetinforma\/wp-content\/uploads\/sites\/9\/2019\/03\/ECIFACET-Tercera-Circular.pdf\" target=\"_blank\" rel=\"noopener noreferrer\"><u>ECIFACET\u00a02019 \u2013 Tercera Circular.pdf<\/u><\/a><\/p>\n","protected":false},"excerpt":{"rendered":"<p>Las Autoridades de la FACET invitan a participar a docentes, investigadores, alumnos de postgrado, grado y pregrado del\u00a0\u201cEncuentro Cient\u00edfico de Investigadores de la FACET (ECIFACET)\u201d\u00a0que se realizar\u00e1 en las instalaciones de la FACET los d\u00edas\u00a025 y 26 de Abril de 2019. El evento est\u00e1 abierto al personal no-docente, alumnos y a toda la comunidad educativa [&hellip;]<\/p>\n","protected":false},"author":6,"featured_media":0,"comment_status":"closed","ping_status":"closed","sticky":false,"template":"","format":"standard","meta":[],"categories":[5],"tags":[],"_links":{"self":[{"href":"https:\/\/www.facet.unt.edu.ar\/facetinforma\/wp-json\/wp\/v2\/posts\/17772"}],"collection":[{"href":"https:\/\/www.facet.unt.edu.ar\/facetinforma\/wp-json\/wp\/v2\/posts"}],"about":[{"href":"https:\/\/www.facet.unt.edu.ar\/facetinforma\/wp-json\/wp\/v2\/types\/post"}],"author":[{"embeddable":true,"href":"https:\/\/www.facet.unt.edu.ar\/facetinforma\/wp-json\/wp\/v2\/users\/6"}],"replies":[{"embeddable":true,"href":"https:\/\/www.facet.unt.edu.ar\/facetinforma\/wp-json\/wp\/v2\/comments?post=17772"}],"version-history":[{"count":1,"href":"https:\/\/www.facet.unt.edu.ar\/facetinforma\/wp-json\/wp\/v2\/posts\/17772\/revisions"}],"predecessor-version":[{"id":17775,"href":"https:\/\/www.facet.unt.edu.ar\/facetinforma\/wp-json\/wp\/v2\/posts\/17772\/revisions\/17775"}],"wp:attachment":[{"href":"https:\/\/www.facet.unt.edu.ar\/facetinforma\/wp-json\/wp\/v2\/media?parent=17772"}],"wp:term":[{"taxonomy":"category","embeddable":true,"href":"https:\/\/www.facet.unt.edu.ar\/facetinforma\/wp-json\/wp\/v2\/categories?post=17772"},{"taxonomy":"post_tag","embeddable":true,"href":"https:\/\/www.facet.unt.edu.ar\/facetinforma\/wp-json\/wp\/v2\/tags?post=17772"}],"curies":[{"name":"wp","href":"https:\/\/api.w.org\/{rel}","templated":true}]}}