{"id":17806,"date":"2019-03-27T19:47:00","date_gmt":"2019-03-27T22:47:00","guid":{"rendered":"https:\/\/www.facet.unt.edu.ar\/facetinforma\/?p=17806"},"modified":"2019-05-31T19:29:01","modified_gmt":"2019-05-31T22:29:01","slug":"convocatoria-emprende-conciencia-2","status":"publish","type":"post","link":"https:\/\/www.facet.unt.edu.ar\/facetinforma\/2019\/03\/27\/convocatoria-emprende-conciencia-2\/","title":{"rendered":"Convocatoria \u201cEmprend\u00e9 ConCiencia\u201d"},"content":{"rendered":"<p><strong>Hasta el\u00a09 de junio, estar\u00e1 abierta la convocatoria de\u00a0Emprend\u00e9 ConCiencia<\/strong>. <!--more--><\/p>\n<p><strong>Emprend\u00e9 ConCiencia<\/strong>\u00a0es una convocatoria de la\u00a0<strong>Fundaci\u00f3n INVAP<\/strong>\u00a0y el\u00a0<strong>Ministerio de Producci\u00f3n y Trabajo de la Naci\u00f3n<\/strong>, con el apoyo del\u00a0<strong>Grupo San Crist\u00f3bal<\/strong> que busca emprendedores de base cient\u00edfico-tecnol\u00f3gica de todo el pa\u00eds que quieran potenciar sus ideas generando impacto social y ambiental positivo.<\/p>\n<p>Las ideas o proyectos avanzados\u00a0 se pueden cargar a trav\u00e9s de la plataforma de la convocatoria, en la que recibir\u00e1n seguimiento de mentores especializados.<\/p>\n<p>Los 15 ganadores participar\u00e1n de dos semanas de capacitaci\u00f3n intensiva en Bariloche por t\u00e9cnicos de Fundaci\u00f3n INVAP y luego ser\u00e1n acompa\u00f1ados durante tres meses para implementar y validar la idea en terreno, culminando en una presentaci\u00f3n final ante incubadoras y aceleradoras.<\/p>\n<p>Para participar u obtener m\u00e1s informaci\u00f3n:\u00a0\u00a0<a href=\"https:\/\/imsva91-ctp.trendmicro.com\/wis\/clicktime\/v1\/query?url=http%3a%2f%2ffundacioninvap.socialab.com%2fchallenges%2fempconciencia19&amp;umid=E5A563D1-8501-4905-962C-86503872AA64&amp;auth=d8b56f5c97e5a7a4e09c3752ac13cc25d9c36f88-95d7161328c00d6c102bb61b50c4a9c338acb78d\">www.emprendeconciencia.com<\/a><\/p>\n<p><a href=\"https:\/\/www.facet.unt.edu.ar\/facetinforma\/wp-content\/uploads\/sites\/9\/2019\/03\/Flyer-EC2-2019.jpg\"><img decoding=\"async\" loading=\"lazy\" class=\"aligncenter wp-image-17810\" src=\"https:\/\/www.facet.unt.edu.ar\/facetinforma\/wp-content\/uploads\/sites\/9\/2019\/03\/Flyer-EC2-2019-741x1024.jpg\" alt=\"\" width=\"550\" height=\"760\" srcset=\"https:\/\/www.facet.unt.edu.ar\/facetinforma\/wp-content\/uploads\/sites\/9\/2019\/03\/Flyer-EC2-2019-741x1024.jpg 741w, https:\/\/www.facet.unt.edu.ar\/facetinforma\/wp-content\/uploads\/sites\/9\/2019\/03\/Flyer-EC2-2019-217x300.jpg 217w, https:\/\/www.facet.unt.edu.ar\/facetinforma\/wp-content\/uploads\/sites\/9\/2019\/03\/Flyer-EC2-2019-768x1061.jpg 768w\" sizes=\"(max-width: 550px) 100vw, 550px\" \/><\/a><\/p>\n","protected":false},"excerpt":{"rendered":"<p>Hasta el\u00a09 de junio, estar\u00e1 abierta la convocatoria de\u00a0Emprend\u00e9 ConCiencia.<\/p>\n","protected":false},"author":6,"featured_media":0,"comment_status":"closed","ping_status":"closed","sticky":false,"template":"","format":"standard","meta":[],"categories":[5],"tags":[],"_links":{"self":[{"href":"https:\/\/www.facet.unt.edu.ar\/facetinforma\/wp-json\/wp\/v2\/posts\/17806"}],"collection":[{"href":"https:\/\/www.facet.unt.edu.ar\/facetinforma\/wp-json\/wp\/v2\/posts"}],"about":[{"href":"https:\/\/www.facet.unt.edu.ar\/facetinforma\/wp-json\/wp\/v2\/types\/post"}],"author":[{"embeddable":true,"href":"https:\/\/www.facet.unt.edu.ar\/facetinforma\/wp-json\/wp\/v2\/users\/6"}],"replies":[{"embeddable":true,"href":"https:\/\/www.facet.unt.edu.ar\/facetinforma\/wp-json\/wp\/v2\/comments?post=17806"}],"version-history":[{"count":5,"href":"https:\/\/www.facet.unt.edu.ar\/facetinforma\/wp-json\/wp\/v2\/posts\/17806\/revisions"}],"predecessor-version":[{"id":18405,"href":"https:\/\/www.facet.unt.edu.ar\/facetinforma\/wp-json\/wp\/v2\/posts\/17806\/revisions\/18405"}],"wp:attachment":[{"href":"https:\/\/www.facet.unt.edu.ar\/facetinforma\/wp-json\/wp\/v2\/media?parent=17806"}],"wp:term":[{"taxonomy":"category","embeddable":true,"href":"https:\/\/www.facet.unt.edu.ar\/facetinforma\/wp-json\/wp\/v2\/categories?post=17806"},{"taxonomy":"post_tag","embeddable":true,"href":"https:\/\/www.facet.unt.edu.ar\/facetinforma\/wp-json\/wp\/v2\/tags?post=17806"}],"curies":[{"name":"wp","href":"https:\/\/api.w.org\/{rel}","templated":true}]}}