{"id":17818,"date":"2019-03-28T18:38:16","date_gmt":"2019-03-28T21:38:16","guid":{"rendered":"https:\/\/www.facet.unt.edu.ar\/facetinforma\/?p=17818"},"modified":"2019-04-09T12:51:10","modified_gmt":"2019-04-09T15:51:10","slug":"road-to-barcelona-lleva-tu-startup-a-barcelona","status":"publish","type":"post","link":"https:\/\/www.facet.unt.edu.ar\/facetinforma\/2019\/03\/28\/road-to-barcelona-lleva-tu-startup-a-barcelona\/","title":{"rendered":"Road to Barcelona: llev\u00e1 tu Startup a Barcelona"},"content":{"rendered":"<p>El programa promueve la internacionalizaci\u00f3n de empresas tecnol\u00f3gicas argentinas, facilitando su inserci\u00f3n en el mercado Europeo. <!--more--><\/p>\n<p>Podr\u00e1n participar del programa empresas de base tecnol\u00f3gica con productos y\/o servicios innovadores para su comercializaci\u00f3n, orientadas al mercado global y con potencial de crecimiento. Las startups deben estar legalmente constituidas con domicilio Fiscal en Argentina, con hasta 10 a\u00f1os de existencia desde la fecha de su constituci\u00f3n hasta la fecha de cierre de la convocatoria.<\/p>\n<p><u>Cierre<\/u>: <strong>29 de Marzo \u2013 18:00 hs<\/strong><\/p>\n<p>M\u00e1s informaci\u00f3n en: <a href=\"https:\/\/mia.gob.ar\/convocatorias\/roadtobarcelona\" target=\"_blank\" rel=\"noopener noreferrer\">https:\/\/mia.gob.ar\/convocatorias\/roadtobarcelona<\/a><\/p>\n<p>&nbsp;<\/p>\n","protected":false},"excerpt":{"rendered":"<p>El programa promueve la internacionalizaci\u00f3n de empresas tecnol\u00f3gicas argentinas, facilitando su inserci\u00f3n en el mercado Europeo.<\/p>\n","protected":false},"author":6,"featured_media":0,"comment_status":"closed","ping_status":"closed","sticky":false,"template":"","format":"standard","meta":[],"categories":[5],"tags":[],"_links":{"self":[{"href":"https:\/\/www.facet.unt.edu.ar\/facetinforma\/wp-json\/wp\/v2\/posts\/17818"}],"collection":[{"href":"https:\/\/www.facet.unt.edu.ar\/facetinforma\/wp-json\/wp\/v2\/posts"}],"about":[{"href":"https:\/\/www.facet.unt.edu.ar\/facetinforma\/wp-json\/wp\/v2\/types\/post"}],"author":[{"embeddable":true,"href":"https:\/\/www.facet.unt.edu.ar\/facetinforma\/wp-json\/wp\/v2\/users\/6"}],"replies":[{"embeddable":true,"href":"https:\/\/www.facet.unt.edu.ar\/facetinforma\/wp-json\/wp\/v2\/comments?post=17818"}],"version-history":[{"count":1,"href":"https:\/\/www.facet.unt.edu.ar\/facetinforma\/wp-json\/wp\/v2\/posts\/17818\/revisions"}],"predecessor-version":[{"id":17822,"href":"https:\/\/www.facet.unt.edu.ar\/facetinforma\/wp-json\/wp\/v2\/posts\/17818\/revisions\/17822"}],"wp:attachment":[{"href":"https:\/\/www.facet.unt.edu.ar\/facetinforma\/wp-json\/wp\/v2\/media?parent=17818"}],"wp:term":[{"taxonomy":"category","embeddable":true,"href":"https:\/\/www.facet.unt.edu.ar\/facetinforma\/wp-json\/wp\/v2\/categories?post=17818"},{"taxonomy":"post_tag","embeddable":true,"href":"https:\/\/www.facet.unt.edu.ar\/facetinforma\/wp-json\/wp\/v2\/tags?post=17818"}],"curies":[{"name":"wp","href":"https:\/\/api.w.org\/{rel}","templated":true}]}}