{"id":17837,"date":"2019-03-29T19:49:37","date_gmt":"2019-03-29T22:49:37","guid":{"rendered":"https:\/\/www.facet.unt.edu.ar\/facetinforma\/?p=17837"},"modified":"2019-03-29T19:50:21","modified_gmt":"2019-03-29T22:50:21","slug":"convocatoria-abierta-ciclo-de-capacitaciones-syso","status":"publish","type":"post","link":"https:\/\/www.facet.unt.edu.ar\/facetinforma\/2019\/03\/29\/convocatoria-abierta-ciclo-de-capacitaciones-syso\/","title":{"rendered":"Convocatoria abierta &#8211; Ciclo de Capacitaciones SySO"},"content":{"rendered":"<p>En el marco del ciclo de capacitaciones, organizado por la Comisi\u00f3n de Seguridad y Salud Ocupacional (SySO) de la FACET, se invita a docentes y no-docentes a participar de la capacitaci\u00f3n sobre \u201c<strong>Introducci\u00f3n al Sistema de Riesgos de Trabajo y c\u00f3mo actuar en caso de accidente de trabajo y enfermedad profesional<\/strong>&#8220;, la cual se llevar\u00e1 a cabo el pr\u00f3ximo <strong>viernes 5 de abril<\/strong>, de 10 a 12 hs, en la Sala de Medios Audiovisuales de la FACET. <!--more--><\/p>\n<p>El objetivo de la misma es familiarizar al personal de la Facultad con la Ley en Higiene y Seguridad en el Trabajo e informar c\u00f3mo debe proceder en caso de un accidente laboral o una enfermedad profesional.<\/p>\n<p>La capacitaci\u00f3n estar\u00e1 a cargo del Personal del Servicio de Higiene y Seguridad en el Trabajo de la UNT.<\/p>\n<p>Ante cualquier duda, consulta e inscripci\u00f3n comunicarse con el Lic. Gabriel D\u00edaz, al siguiente correo electr\u00f3nico: <a href=\"mailto:gdiaz@herrera.unt.edu.ar\">gdiaz@herrera.unt.edu.ar<\/a><\/p>\n","protected":false},"excerpt":{"rendered":"<p>En el marco del ciclo de capacitaciones, organizado por la Comisi\u00f3n de Seguridad y Salud Ocupacional (SySO) de la FACET, se invita a docentes y no-docentes a participar de la capacitaci\u00f3n sobre \u201cIntroducci\u00f3n al Sistema de Riesgos de Trabajo y c\u00f3mo actuar en caso de accidente de trabajo y enfermedad profesional&#8220;, la cual se llevar\u00e1 [&hellip;]<\/p>\n","protected":false},"author":6,"featured_media":0,"comment_status":"closed","ping_status":"closed","sticky":false,"template":"","format":"standard","meta":[],"categories":[5],"tags":[],"_links":{"self":[{"href":"https:\/\/www.facet.unt.edu.ar\/facetinforma\/wp-json\/wp\/v2\/posts\/17837"}],"collection":[{"href":"https:\/\/www.facet.unt.edu.ar\/facetinforma\/wp-json\/wp\/v2\/posts"}],"about":[{"href":"https:\/\/www.facet.unt.edu.ar\/facetinforma\/wp-json\/wp\/v2\/types\/post"}],"author":[{"embeddable":true,"href":"https:\/\/www.facet.unt.edu.ar\/facetinforma\/wp-json\/wp\/v2\/users\/6"}],"replies":[{"embeddable":true,"href":"https:\/\/www.facet.unt.edu.ar\/facetinforma\/wp-json\/wp\/v2\/comments?post=17837"}],"version-history":[{"count":2,"href":"https:\/\/www.facet.unt.edu.ar\/facetinforma\/wp-json\/wp\/v2\/posts\/17837\/revisions"}],"predecessor-version":[{"id":17839,"href":"https:\/\/www.facet.unt.edu.ar\/facetinforma\/wp-json\/wp\/v2\/posts\/17837\/revisions\/17839"}],"wp:attachment":[{"href":"https:\/\/www.facet.unt.edu.ar\/facetinforma\/wp-json\/wp\/v2\/media?parent=17837"}],"wp:term":[{"taxonomy":"category","embeddable":true,"href":"https:\/\/www.facet.unt.edu.ar\/facetinforma\/wp-json\/wp\/v2\/categories?post=17837"},{"taxonomy":"post_tag","embeddable":true,"href":"https:\/\/www.facet.unt.edu.ar\/facetinforma\/wp-json\/wp\/v2\/tags?post=17837"}],"curies":[{"name":"wp","href":"https:\/\/api.w.org\/{rel}","templated":true}]}}