{"id":17885,"date":"2019-04-05T13:52:46","date_gmt":"2019-04-05T16:52:46","guid":{"rendered":"https:\/\/www.facet.unt.edu.ar\/facetinforma\/?p=17885"},"modified":"2019-04-09T12:19:53","modified_gmt":"2019-04-09T15:19:53","slug":"conferencia-efectos-del-cambio-climatico-sobre-la-atmosfera-superior","status":"publish","type":"post","link":"https:\/\/www.facet.unt.edu.ar\/facetinforma\/2019\/04\/05\/conferencia-efectos-del-cambio-climatico-sobre-la-atmosfera-superior\/","title":{"rendered":"Conferencia \u201cEfectos del cambio clim\u00e1tico sobre la atm\u00f3sfera superior\u201d"},"content":{"rendered":"<p>El mi\u00e9rcoles 10 abril, a las 10 hs, se llevar\u00e1 a cabo la conferencia <strong>\u201cEfectos del cambio clim\u00e1tico sobre la atm\u00f3sfera superior\u201d<\/strong>, a cargo del destacado <strong>Dr. Lic. en F\u00edsica Sandro Radicella.\u00a0<\/strong><!--more--><\/p>\n<p>La misma tendr\u00e1 lugar en la Sala de Medios Audiovisuales, y est\u00e1 destinada a alumnos, docentes, graduados, interesados en la tem\u00e1tica y p\u00fablico en general.<\/p>\n<p>El Dr. Radicella fue un gran impulsor de la investigaci\u00f3n en Aeronom\u00eda de la Universidad Nacional de Tucum\u00e1n, particularmente en el Dpto. de F\u00edsica de la FACET, donde dedic\u00f3 gran parte de su tiempo al desarrollo de cargas \u00fatiles para cohetes en investigaciones de la atm\u00f3sfera superior, junto a destacados colegas de los ex Institutos de F\u00edsica y de Ingenier\u00eda El\u00e9ctrica de la FACET.<\/p>\n<p>Despu\u00e9s de la conferencia se servir\u00e1 un \u00e1gape a los presentes.<\/p>\n<div id=\"attachment_17902\" style=\"width: 344px\" class=\"wp-caption aligncenter\"><a href=\"https:\/\/www.facet.unt.edu.ar\/facetinforma\/wp-content\/uploads\/sites\/9\/2019\/04\/Dr-Radicella.jpeg\"><img aria-describedby=\"caption-attachment-17902\" decoding=\"async\" loading=\"lazy\" class=\"wp-image-17902\" src=\"https:\/\/www.facet.unt.edu.ar\/facetinforma\/wp-content\/uploads\/sites\/9\/2019\/04\/Dr-Radicella.jpeg\" alt=\"\" width=\"334\" height=\"334\" srcset=\"https:\/\/www.facet.unt.edu.ar\/facetinforma\/wp-content\/uploads\/sites\/9\/2019\/04\/Dr-Radicella.jpeg 512w, https:\/\/www.facet.unt.edu.ar\/facetinforma\/wp-content\/uploads\/sites\/9\/2019\/04\/Dr-Radicella-150x150.jpeg 150w, https:\/\/www.facet.unt.edu.ar\/facetinforma\/wp-content\/uploads\/sites\/9\/2019\/04\/Dr-Radicella-300x300.jpeg 300w\" sizes=\"(max-width: 334px) 100vw, 334px\" \/><\/a><p id=\"caption-attachment-17902\" class=\"wp-caption-text\">Dr. Radicella<\/p><\/div>\n","protected":false},"excerpt":{"rendered":"<p>El mi\u00e9rcoles 10 abril, a las 10 hs, se llevar\u00e1 a cabo la conferencia \u201cEfectos del cambio clim\u00e1tico sobre la atm\u00f3sfera superior\u201d, a cargo del destacado Dr. Lic. en F\u00edsica Sandro Radicella.\u00a0<\/p>\n","protected":false},"author":6,"featured_media":0,"comment_status":"closed","ping_status":"closed","sticky":false,"template":"","format":"standard","meta":[],"categories":[5],"tags":[],"_links":{"self":[{"href":"https:\/\/www.facet.unt.edu.ar\/facetinforma\/wp-json\/wp\/v2\/posts\/17885"}],"collection":[{"href":"https:\/\/www.facet.unt.edu.ar\/facetinforma\/wp-json\/wp\/v2\/posts"}],"about":[{"href":"https:\/\/www.facet.unt.edu.ar\/facetinforma\/wp-json\/wp\/v2\/types\/post"}],"author":[{"embeddable":true,"href":"https:\/\/www.facet.unt.edu.ar\/facetinforma\/wp-json\/wp\/v2\/users\/6"}],"replies":[{"embeddable":true,"href":"https:\/\/www.facet.unt.edu.ar\/facetinforma\/wp-json\/wp\/v2\/comments?post=17885"}],"version-history":[{"count":6,"href":"https:\/\/www.facet.unt.edu.ar\/facetinforma\/wp-json\/wp\/v2\/posts\/17885\/revisions"}],"predecessor-version":[{"id":17914,"href":"https:\/\/www.facet.unt.edu.ar\/facetinforma\/wp-json\/wp\/v2\/posts\/17885\/revisions\/17914"}],"wp:attachment":[{"href":"https:\/\/www.facet.unt.edu.ar\/facetinforma\/wp-json\/wp\/v2\/media?parent=17885"}],"wp:term":[{"taxonomy":"category","embeddable":true,"href":"https:\/\/www.facet.unt.edu.ar\/facetinforma\/wp-json\/wp\/v2\/categories?post=17885"},{"taxonomy":"post_tag","embeddable":true,"href":"https:\/\/www.facet.unt.edu.ar\/facetinforma\/wp-json\/wp\/v2\/tags?post=17885"}],"curies":[{"name":"wp","href":"https:\/\/api.w.org\/{rel}","templated":true}]}}