{"id":17977,"date":"2019-04-15T14:02:13","date_gmt":"2019-04-15T17:02:13","guid":{"rendered":"https:\/\/www.facet.unt.edu.ar\/facetinforma\/?p=17977"},"modified":"2019-04-15T14:02:13","modified_gmt":"2019-04-15T17:02:13","slug":"programa-de-seguridad-ciudadana-juntos-es-mas-seguro","status":"publish","type":"post","link":"https:\/\/www.facet.unt.edu.ar\/facetinforma\/2019\/04\/15\/programa-de-seguridad-ciudadana-juntos-es-mas-seguro\/","title":{"rendered":"Programa de Seguridad Ciudadana \u201cJuntos es m\u00e1s seguro\u201d"},"content":{"rendered":"<p>Se invita a la comunidad universitaria a la reuni\u00f3n informativa denominada &#8220;Juntos es m\u00e1s seguro&#8221;, que se realizar\u00e1 este mi\u00e9rcoles 17 de abril, a las 12 hs, en el Anfiteatro B3 de la FACET. <!--more--><\/p>\n<p>Los ejes tem\u00e1ticos que se abordar\u00e1n son:<br \/>\n-Dispositivos de seguridad preventiva implementados por la Polic\u00eda.<br \/>\n-Uso correcto de las l\u00edneas de emergencia.<br \/>\n-Operativos de seguridad vial en el conglomerado.<\/p>\n<p>En la reuni\u00f3n se dar\u00e1n consejos y sugerencias tendientes a minimizar las situaciones de robo en las inmediaciones del predio universitario.<\/p>\n<p><span style=\"text-decoration: underline;\">Organizan<\/span>:<br \/>\nConsorcio de Facultades del Centro Herrera de la UNT.<br \/>\nMinisterio de Seguridad de la Provincia<br \/>\n<a href=\"https:\/\/www.facet.unt.edu.ar\/facetinforma\/wp-content\/uploads\/sites\/9\/2019\/04\/juntos-es-m\u00e1s-seguro.jpg\"><img decoding=\"async\" loading=\"lazy\" class=\"aligncenter  wp-image-17978\" src=\"https:\/\/www.facet.unt.edu.ar\/facetinforma\/wp-content\/uploads\/sites\/9\/2019\/04\/juntos-es-m\u00e1s-seguro.jpg\" alt=\"\" width=\"523\" height=\"523\" srcset=\"https:\/\/www.facet.unt.edu.ar\/facetinforma\/wp-content\/uploads\/sites\/9\/2019\/04\/juntos-es-m\u00e1s-seguro.jpg 960w, https:\/\/www.facet.unt.edu.ar\/facetinforma\/wp-content\/uploads\/sites\/9\/2019\/04\/juntos-es-m\u00e1s-seguro-150x150.jpg 150w, https:\/\/www.facet.unt.edu.ar\/facetinforma\/wp-content\/uploads\/sites\/9\/2019\/04\/juntos-es-m\u00e1s-seguro-300x300.jpg 300w, https:\/\/www.facet.unt.edu.ar\/facetinforma\/wp-content\/uploads\/sites\/9\/2019\/04\/juntos-es-m\u00e1s-seguro-768x768.jpg 768w\" sizes=\"(max-width: 523px) 100vw, 523px\" \/><\/a><\/p>\n","protected":false},"excerpt":{"rendered":"<p>Se invita a la comunidad universitaria a la reuni\u00f3n informativa denominada &#8220;Juntos es m\u00e1s seguro&#8221;, que se realizar\u00e1 este mi\u00e9rcoles 17 de abril, a las 12 hs, en el Anfiteatro B3 de la FACET.<\/p>\n","protected":false},"author":6,"featured_media":0,"comment_status":"closed","ping_status":"closed","sticky":false,"template":"","format":"standard","meta":[],"categories":[5],"tags":[],"_links":{"self":[{"href":"https:\/\/www.facet.unt.edu.ar\/facetinforma\/wp-json\/wp\/v2\/posts\/17977"}],"collection":[{"href":"https:\/\/www.facet.unt.edu.ar\/facetinforma\/wp-json\/wp\/v2\/posts"}],"about":[{"href":"https:\/\/www.facet.unt.edu.ar\/facetinforma\/wp-json\/wp\/v2\/types\/post"}],"author":[{"embeddable":true,"href":"https:\/\/www.facet.unt.edu.ar\/facetinforma\/wp-json\/wp\/v2\/users\/6"}],"replies":[{"embeddable":true,"href":"https:\/\/www.facet.unt.edu.ar\/facetinforma\/wp-json\/wp\/v2\/comments?post=17977"}],"version-history":[{"count":1,"href":"https:\/\/www.facet.unt.edu.ar\/facetinforma\/wp-json\/wp\/v2\/posts\/17977\/revisions"}],"predecessor-version":[{"id":17979,"href":"https:\/\/www.facet.unt.edu.ar\/facetinforma\/wp-json\/wp\/v2\/posts\/17977\/revisions\/17979"}],"wp:attachment":[{"href":"https:\/\/www.facet.unt.edu.ar\/facetinforma\/wp-json\/wp\/v2\/media?parent=17977"}],"wp:term":[{"taxonomy":"category","embeddable":true,"href":"https:\/\/www.facet.unt.edu.ar\/facetinforma\/wp-json\/wp\/v2\/categories?post=17977"},{"taxonomy":"post_tag","embeddable":true,"href":"https:\/\/www.facet.unt.edu.ar\/facetinforma\/wp-json\/wp\/v2\/tags?post=17977"}],"curies":[{"name":"wp","href":"https:\/\/api.w.org\/{rel}","templated":true}]}}