{"id":18119,"date":"2019-05-02T14:39:32","date_gmt":"2019-05-02T17:39:32","guid":{"rendered":"https:\/\/www.facet.unt.edu.ar\/facetinforma\/?p=18119"},"modified":"2019-05-02T14:57:12","modified_gmt":"2019-05-02T17:57:12","slug":"x-edicion-del-programa-para-el-fortalecimiento-de-la-funcion-publica-en-america-latina","status":"publish","type":"post","link":"https:\/\/www.facet.unt.edu.ar\/facetinforma\/2019\/05\/02\/x-edicion-del-programa-para-el-fortalecimiento-de-la-funcion-publica-en-america-latina\/","title":{"rendered":"X Edici\u00f3n del Programa para el Fortalecimiento de la Funci\u00f3n P\u00fablica en Am\u00e9rica Latina"},"content":{"rendered":"<p>La Fundaci\u00f3n Bot\u00edn recuerda a la comunidad de la FACET que se encuentra pr\u00f3ximo a\u00a0finalizar\u00a0el <span style=\"text-decoration: underline;\">proceso de inscripci\u00f3n online<\/span>\u00a0de la\u00a0<strong>X Edici\u00f3n del Programa de Fortalecimiento de la Funci\u00f3n P\u00fablica en Am\u00e9rica Latina<\/strong>.<!--more--><\/p>\n<p>Esta propuesta brinda a los estudiantes universitarios latinoamericanos, la oportunidad de participar en un programa intensivo de formaci\u00f3n que se impartir\u00e1 en Georgetown, Santander, Salamanca, Madrid y Cartagena de Indias. La Fundaci\u00f3n Bot\u00edn cubre los costos del programa, traslados, alojamiento y manutenci\u00f3n.<\/p>\n<p>La convocatoria estar\u00e1 abierta\u00a0<strong>hasta el d\u00eda 9 de mayo de 2019<\/strong>, public\u00e1ndose el 2 de julio la lista de los candidatos seleccionados.\u00a0La formaci\u00f3n comenzar\u00e1 el<strong> 27 de octubre\u00a0<\/strong>en Washington, de la mano de uno de los centros de referencia global en el servicio p\u00fablico como es Georgetown University, para continuar en Espa\u00f1a hasta el 3 de diciembre. Para que sus alumnos sean valorados por el comit\u00e9 de selecci\u00f3n,\u00a0<strong>deber\u00e1n haber enviado el formulario online en el plazo previsto<\/strong>. Una vez finalizado no podr\u00e1n acceder a la plataforma online.<\/p>\n<p><strong>Cierre de inscripci\u00f3n: <\/strong><strong>jueves 9 de mayo a las 24:00<\/strong><\/p>\n<p><strong>Formulario de aplicaci\u00f3n: <\/strong><a href=\"http:\/\/becas.fundacionbotin.org\/\" target=\"_blank\" rel=\"noopener noreferrer\">becas.fundacionbotin.org<\/a><\/p>\n<p><strong>Requisitos:<\/strong><\/p>\n<ul>\n<li>El programa se dirige a j\u00f3venes universitarios de TODOS LOS PA\u00cdSES DE AM\u00c9RICA LATINA.<\/li>\n<li>La candidatura deber\u00e1 estar avalada por el Rector.<\/li>\n<li>Universitario nacidos entre el 1 de enero de 1995 y el 31 de diciembre de 1999.<\/li>\n<li>No se aceptar\u00e1n candidaturas una vez finalizados sus estudios universitarios de grado.<\/li>\n<\/ul>\n<p><strong>Documentos a entregar<\/strong>:<\/p>\n<ol>\n<li>Carta del Rector\u00a0presentando la candidatura del alumno.<\/li>\n<li>Compromiso\u00a0voluntario firmado por la Universidad para realizar\u00a0pr\u00e1cticas\u00a0en una instituci\u00f3n, cuyo objeto sea el Servicio P\u00fablico de su\u00a0pa\u00eds.<\/li>\n<\/ol>\n<p><strong>La Fundaci\u00f3n Bot\u00edn cubre los costes del programa, traslados, alojamiento y manutenci\u00f3n.<\/strong><\/p>\n<p>M\u00e1s informaci\u00f3n en: <a href=\"https:\/\/www.fundacionbotin.org\/\" target=\"_blank\" rel=\"noopener noreferrer\">https:\/\/www.fundacionbotin.org\/<\/a><\/p>\n","protected":false},"excerpt":{"rendered":"<p>La Fundaci\u00f3n Bot\u00edn recuerda a la comunidad de la FACET que se encuentra pr\u00f3ximo a\u00a0finalizar\u00a0el proceso de inscripci\u00f3n online\u00a0de la\u00a0X Edici\u00f3n del Programa de Fortalecimiento de la Funci\u00f3n P\u00fablica en Am\u00e9rica Latina.<\/p>\n","protected":false},"author":6,"featured_media":0,"comment_status":"closed","ping_status":"closed","sticky":false,"template":"","format":"standard","meta":[],"categories":[5],"tags":[],"_links":{"self":[{"href":"https:\/\/www.facet.unt.edu.ar\/facetinforma\/wp-json\/wp\/v2\/posts\/18119"}],"collection":[{"href":"https:\/\/www.facet.unt.edu.ar\/facetinforma\/wp-json\/wp\/v2\/posts"}],"about":[{"href":"https:\/\/www.facet.unt.edu.ar\/facetinforma\/wp-json\/wp\/v2\/types\/post"}],"author":[{"embeddable":true,"href":"https:\/\/www.facet.unt.edu.ar\/facetinforma\/wp-json\/wp\/v2\/users\/6"}],"replies":[{"embeddable":true,"href":"https:\/\/www.facet.unt.edu.ar\/facetinforma\/wp-json\/wp\/v2\/comments?post=18119"}],"version-history":[{"count":4,"href":"https:\/\/www.facet.unt.edu.ar\/facetinforma\/wp-json\/wp\/v2\/posts\/18119\/revisions"}],"predecessor-version":[{"id":18123,"href":"https:\/\/www.facet.unt.edu.ar\/facetinforma\/wp-json\/wp\/v2\/posts\/18119\/revisions\/18123"}],"wp:attachment":[{"href":"https:\/\/www.facet.unt.edu.ar\/facetinforma\/wp-json\/wp\/v2\/media?parent=18119"}],"wp:term":[{"taxonomy":"category","embeddable":true,"href":"https:\/\/www.facet.unt.edu.ar\/facetinforma\/wp-json\/wp\/v2\/categories?post=18119"},{"taxonomy":"post_tag","embeddable":true,"href":"https:\/\/www.facet.unt.edu.ar\/facetinforma\/wp-json\/wp\/v2\/tags?post=18119"}],"curies":[{"name":"wp","href":"https:\/\/api.w.org\/{rel}","templated":true}]}}