{"id":18162,"date":"2019-05-08T12:18:45","date_gmt":"2019-05-08T15:18:45","guid":{"rendered":"https:\/\/www.facet.unt.edu.ar\/facetinforma\/?p=18162"},"modified":"2019-05-08T12:18:45","modified_gmt":"2019-05-08T15:18:45","slug":"charla-informativa-nueva-cohorte-de-la-maestria-binacional-en-proyectos-de-ingenieria","status":"publish","type":"post","link":"https:\/\/www.facet.unt.edu.ar\/facetinforma\/2019\/05\/08\/charla-informativa-nueva-cohorte-de-la-maestria-binacional-en-proyectos-de-ingenieria\/","title":{"rendered":"Charla informativa &#8211; Nueva Cohorte de la Maestr\u00eda Binacional en Proyectos de Ingenier\u00eda"},"content":{"rendered":"<p>Se invita a una charla informativa para interesados y aspirantes a ingresar en la Cohorte 2019-2020 de la Maestr\u00eda Binacional en Proyectos de Ingenier\u00eda. La misma se realizar\u00e1 el d\u00eda martes 14 de mayo, a las 11:00 hs, en la Sala de Medios Audiovisuales, Block 3, 1\u00b0 Piso, FACET. <!--more--><\/p>\n<p>Se presentar\u00e1n los objetivos y alcances del programa y se brindar\u00e1 informaci\u00f3n detallada sobre los requisitos de admisi\u00f3n, las becas o ayudas econ\u00f3micas disponibles, el plan de estudios, la modalidad de cursado, etc.<\/p>\n<p><u>Fecha de admisi\u00f3n<\/u>: hasta el 03 de Junio 2019 para aspirantes argentinos.<\/p>\n<p><u>Inicio de clases 2019<\/u>: 17 de agosto 2019.<\/p>\n<p>M\u00e1s informaci\u00f3n de la carrera en: <a href=\"http:\/\/www.proyectosingenieria.org.ar\/\">http:\/\/www.proyectosingenieria.org.ar\/<\/a><\/p>\n","protected":false},"excerpt":{"rendered":"<p>Se invita a una charla informativa para interesados y aspirantes a ingresar en la Cohorte 2019-2020 de la Maestr\u00eda Binacional en Proyectos de Ingenier\u00eda. La misma se realizar\u00e1 el d\u00eda martes 14 de mayo, a las 11:00 hs, en la Sala de Medios Audiovisuales, Block 3, 1\u00b0 Piso, FACET.<\/p>\n","protected":false},"author":6,"featured_media":0,"comment_status":"closed","ping_status":"closed","sticky":false,"template":"","format":"standard","meta":[],"categories":[5],"tags":[],"_links":{"self":[{"href":"https:\/\/www.facet.unt.edu.ar\/facetinforma\/wp-json\/wp\/v2\/posts\/18162"}],"collection":[{"href":"https:\/\/www.facet.unt.edu.ar\/facetinforma\/wp-json\/wp\/v2\/posts"}],"about":[{"href":"https:\/\/www.facet.unt.edu.ar\/facetinforma\/wp-json\/wp\/v2\/types\/post"}],"author":[{"embeddable":true,"href":"https:\/\/www.facet.unt.edu.ar\/facetinforma\/wp-json\/wp\/v2\/users\/6"}],"replies":[{"embeddable":true,"href":"https:\/\/www.facet.unt.edu.ar\/facetinforma\/wp-json\/wp\/v2\/comments?post=18162"}],"version-history":[{"count":1,"href":"https:\/\/www.facet.unt.edu.ar\/facetinforma\/wp-json\/wp\/v2\/posts\/18162\/revisions"}],"predecessor-version":[{"id":18163,"href":"https:\/\/www.facet.unt.edu.ar\/facetinforma\/wp-json\/wp\/v2\/posts\/18162\/revisions\/18163"}],"wp:attachment":[{"href":"https:\/\/www.facet.unt.edu.ar\/facetinforma\/wp-json\/wp\/v2\/media?parent=18162"}],"wp:term":[{"taxonomy":"category","embeddable":true,"href":"https:\/\/www.facet.unt.edu.ar\/facetinforma\/wp-json\/wp\/v2\/categories?post=18162"},{"taxonomy":"post_tag","embeddable":true,"href":"https:\/\/www.facet.unt.edu.ar\/facetinforma\/wp-json\/wp\/v2\/tags?post=18162"}],"curies":[{"name":"wp","href":"https:\/\/api.w.org\/{rel}","templated":true}]}}