{"id":18221,"date":"2019-05-21T13:11:45","date_gmt":"2019-05-21T16:11:45","guid":{"rendered":"https:\/\/www.facet.unt.edu.ar\/facetinforma\/?p=18221"},"modified":"2019-05-21T14:24:38","modified_gmt":"2019-05-21T17:24:38","slug":"abrio-sus-puertas-el-museo-de-la-luz-y-podra-visitarse-hasta-mediados-de-junio","status":"publish","type":"post","link":"https:\/\/www.facet.unt.edu.ar\/facetinforma\/2019\/05\/21\/abrio-sus-puertas-el-museo-de-la-luz-y-podra-visitarse-hasta-mediados-de-junio\/","title":{"rendered":"Abri\u00f3 sus puertas el \u201cMuseo de La Luz\u201d y podr\u00e1 visitarse hasta mediados de junio"},"content":{"rendered":"<div id=\"pl-18221\"  class=\"panel-layout\"><div id=\"pg-18221-0\"  class=\"panel-grid panel-no-style\"><div id=\"pgc-18221-0-0\"  class=\"panel-grid-cell\"><div id=\"panel-18221-0-0-0\" class=\"so-panel widget widget_sow-editor panel-first-child\" data-index=\"0\"><div\n\t\t\t\n\t\t\tclass=\"so-widget-sow-editor so-widget-sow-editor-base\">\n<div class=\"siteorigin-widget-tinymce textwidget\">\n\t<p>El Museo de la Luz abri\u00f3 sus puertas el jueves 16 de mayo y se extender\u00e1 hasta el 14 de junio en las instalaciones del Departamento de Luminotecnia, Luz y Visi\u00f3n (DLLyV) de la FACET. El mismo podr\u00e1 visitarse de lunes a viernes de 9 a 12 y de 15 a 18 hs.<\/p><\/div><\/div><\/div><\/div><\/div><\/div><p><a class=\"more-link\" href=\"https:\/\/www.facet.unt.edu.ar\/facetinforma\/2019\/05\/21\/abrio-sus-puertas-el-museo-de-la-luz-y-podra-visitarse-hasta-mediados-de-junio\/\">Leer m\u00e1s<span class=\"meta-nav\">&rarr;<\/span><\/a><\/p>","protected":false},"excerpt":{"rendered":"<p>El Museo de la Luz abri\u00f3 sus puertas el jueves 16 de mayo y se extender\u00e1 hasta el 14 de junio en las instalaciones del Departamento de Luminotecnia, Luz y Visi\u00f3n (DLLyV) de la FACET. El mismo podr\u00e1 visitarse de lunes a viernes de 9 a 12 y de 15 a 18 hs. La muestra [&hellip;]<\/p>\n","protected":false},"author":6,"featured_media":0,"comment_status":"closed","ping_status":"closed","sticky":false,"template":"","format":"standard","meta":[],"categories":[5],"tags":[],"_links":{"self":[{"href":"https:\/\/www.facet.unt.edu.ar\/facetinforma\/wp-json\/wp\/v2\/posts\/18221"}],"collection":[{"href":"https:\/\/www.facet.unt.edu.ar\/facetinforma\/wp-json\/wp\/v2\/posts"}],"about":[{"href":"https:\/\/www.facet.unt.edu.ar\/facetinforma\/wp-json\/wp\/v2\/types\/post"}],"author":[{"embeddable":true,"href":"https:\/\/www.facet.unt.edu.ar\/facetinforma\/wp-json\/wp\/v2\/users\/6"}],"replies":[{"embeddable":true,"href":"https:\/\/www.facet.unt.edu.ar\/facetinforma\/wp-json\/wp\/v2\/comments?post=18221"}],"version-history":[{"count":8,"href":"https:\/\/www.facet.unt.edu.ar\/facetinforma\/wp-json\/wp\/v2\/posts\/18221\/revisions"}],"predecessor-version":[{"id":18287,"href":"https:\/\/www.facet.unt.edu.ar\/facetinforma\/wp-json\/wp\/v2\/posts\/18221\/revisions\/18287"}],"wp:attachment":[{"href":"https:\/\/www.facet.unt.edu.ar\/facetinforma\/wp-json\/wp\/v2\/media?parent=18221"}],"wp:term":[{"taxonomy":"category","embeddable":true,"href":"https:\/\/www.facet.unt.edu.ar\/facetinforma\/wp-json\/wp\/v2\/categories?post=18221"},{"taxonomy":"post_tag","embeddable":true,"href":"https:\/\/www.facet.unt.edu.ar\/facetinforma\/wp-json\/wp\/v2\/tags?post=18221"}],"curies":[{"name":"wp","href":"https:\/\/api.w.org\/{rel}","templated":true}]}}