{"id":18333,"date":"2019-05-23T08:30:53","date_gmt":"2019-05-23T11:30:53","guid":{"rendered":"https:\/\/www.facet.unt.edu.ar\/facetinforma\/?p=18333"},"modified":"2019-05-23T13:06:59","modified_gmt":"2019-05-23T16:06:59","slug":"semana-de-la-ingenieria-2019-cronograma-de-actividades","status":"publish","type":"post","link":"https:\/\/www.facet.unt.edu.ar\/facetinforma\/2019\/05\/23\/semana-de-la-ingenieria-2019-cronograma-de-actividades\/","title":{"rendered":"Semana de la Ingenier\u00eda 2019 &#8211; Cronograma de Actividades"},"content":{"rendered":"<p>Se invita a la comunidad universitaria y al p\u00fablico en general a participar de una nueva edici\u00f3n de la Semana de la Ingenier\u00eda, que se desarrollar\u00e1 del 4 al 7 de junio, en instalaciones de la FACET. <!--more--><\/p>\n<p>El programa de la misma incluye m\u00faltiples actividades, tales como la presentaci\u00f3n de la Orquesta Sinf\u00f3nica de la UNT, mesas paneles, charlas t\u00e9cnicas y de divulgaci\u00f3n a cargo de reconocidos profesionales, recital folcl\u00f3rico, de rock, de cumbia, entre otras.<\/p>\n<p>La Semana de la Ingenier\u00eda cerrar\u00e1 con el tradicional Locro de Camarader\u00eda.<\/p>\n<p>Compartimos con ustedes el\u00a0cronograma\u00a0de actividades programadas para la &#8220;Semana\u00a0de la\u00a0Ingenier\u00eda\u00a02019\u201d:<\/p>\n<p>&nbsp;<\/p>\n<p><a href=\"https:\/\/www.facet.unt.edu.ar\/facetinforma\/wp-content\/uploads\/sites\/9\/2019\/05\/FOLLETO-A5.jpg\"><img decoding=\"async\" loading=\"lazy\" class=\"aligncenter size-large wp-image-18358\" src=\"https:\/\/www.facet.unt.edu.ar\/facetinforma\/wp-content\/uploads\/sites\/9\/2019\/05\/FOLLETO-A5-1024x723.jpg\" alt=\"\" width=\"720\" height=\"508\" srcset=\"https:\/\/www.facet.unt.edu.ar\/facetinforma\/wp-content\/uploads\/sites\/9\/2019\/05\/FOLLETO-A5-1024x723.jpg 1024w, https:\/\/www.facet.unt.edu.ar\/facetinforma\/wp-content\/uploads\/sites\/9\/2019\/05\/FOLLETO-A5-300x212.jpg 300w, https:\/\/www.facet.unt.edu.ar\/facetinforma\/wp-content\/uploads\/sites\/9\/2019\/05\/FOLLETO-A5-768x542.jpg 768w, https:\/\/www.facet.unt.edu.ar\/facetinforma\/wp-content\/uploads\/sites\/9\/2019\/05\/FOLLETO-A5.jpg 1280w\" sizes=\"(max-width: 720px) 100vw, 720px\" \/><\/a><\/p>\n","protected":false},"excerpt":{"rendered":"<p>Se invita a la comunidad universitaria y al p\u00fablico en general a participar de una nueva edici\u00f3n de la Semana de la Ingenier\u00eda, que se desarrollar\u00e1 del 4 al 7 de junio, en instalaciones de la FACET.<\/p>\n","protected":false},"author":6,"featured_media":0,"comment_status":"closed","ping_status":"closed","sticky":false,"template":"","format":"standard","meta":[],"categories":[5],"tags":[],"_links":{"self":[{"href":"https:\/\/www.facet.unt.edu.ar\/facetinforma\/wp-json\/wp\/v2\/posts\/18333"}],"collection":[{"href":"https:\/\/www.facet.unt.edu.ar\/facetinforma\/wp-json\/wp\/v2\/posts"}],"about":[{"href":"https:\/\/www.facet.unt.edu.ar\/facetinforma\/wp-json\/wp\/v2\/types\/post"}],"author":[{"embeddable":true,"href":"https:\/\/www.facet.unt.edu.ar\/facetinforma\/wp-json\/wp\/v2\/users\/6"}],"replies":[{"embeddable":true,"href":"https:\/\/www.facet.unt.edu.ar\/facetinforma\/wp-json\/wp\/v2\/comments?post=18333"}],"version-history":[{"count":4,"href":"https:\/\/www.facet.unt.edu.ar\/facetinforma\/wp-json\/wp\/v2\/posts\/18333\/revisions"}],"predecessor-version":[{"id":18359,"href":"https:\/\/www.facet.unt.edu.ar\/facetinforma\/wp-json\/wp\/v2\/posts\/18333\/revisions\/18359"}],"wp:attachment":[{"href":"https:\/\/www.facet.unt.edu.ar\/facetinforma\/wp-json\/wp\/v2\/media?parent=18333"}],"wp:term":[{"taxonomy":"category","embeddable":true,"href":"https:\/\/www.facet.unt.edu.ar\/facetinforma\/wp-json\/wp\/v2\/categories?post=18333"},{"taxonomy":"post_tag","embeddable":true,"href":"https:\/\/www.facet.unt.edu.ar\/facetinforma\/wp-json\/wp\/v2\/tags?post=18333"}],"curies":[{"name":"wp","href":"https:\/\/api.w.org\/{rel}","templated":true}]}}