{"id":18368,"date":"2019-05-24T11:38:37","date_gmt":"2019-05-24T14:38:37","guid":{"rendered":"https:\/\/www.facet.unt.edu.ar\/facetinforma\/?p=18368"},"modified":"2019-05-24T11:38:37","modified_gmt":"2019-05-24T14:38:37","slug":"jornadas-de-seminarios-2019-doctorado-en-ciencias-exactas-e-ingenieria","status":"publish","type":"post","link":"https:\/\/www.facet.unt.edu.ar\/facetinforma\/2019\/05\/24\/jornadas-de-seminarios-2019-doctorado-en-ciencias-exactas-e-ingenieria\/","title":{"rendered":"Jornadas de Seminarios 2019 &#8211; Doctorado en Ciencias Exactas e Ingenier\u00eda"},"content":{"rendered":"<p>Se invita a la comunidad de la FACET a participar de las\u00a0Jornadas\u00a02019\u00a0de Seminarios de estudiantes del posgrado\u00a0<em>Doctorado en Ciencias Exactas e Ingenier\u00eda<\/em>\u00a0de la FACET-UNT, categorizado A por CONEAU, a\u00a0desarrollarse los d\u00edas\u00a0<strong>30 y 31 de Mayo de\u00a02019<\/strong>, de<strong> 8:00 a 13:00<\/strong><strong>\u00a0hs<\/strong>,\u00a0en la<strong> Sala de Medios Audiovisuales <\/strong>de la FACET. <!--more--><\/p>\n<p>Estos seminarios consistir\u00e1n en presentaciones, de 15 minutos de duraci\u00f3n cada una, a cargo de los Doctorandos quienes presentar\u00e1n los avances de sus Tesis, seguida de una etapa de preguntas de 5 minutos de duraci\u00f3n, a cargo de los profesores e investigadores asistentes.<\/p>\n<p>Los interesados en participar todav\u00eda pueden enviar su Resumen. El mismo deber\u00e1 contener los \u00faltimos avances de su Tesis especificando el tema de la misma, nombre del Tesista y del Director. Debe ser un archivo Word (doc o docx), de no m\u00e1s de dos p\u00e1ginas de extensi\u00f3n y cuyo formato se detalla en un archivo adjunto. La direcci\u00f3n a la cual deben enviar el Resumen es:\u00a0<a href=\"mailto:cemnci@herrera.unt.edu.ar\">cemnci@herrera.unt.edu.ar<\/a>, con copia a Ana G. Elias (<a href=\"mailto:aelias@herrera.unt.edu.ar\">aelias@herrera.unt.edu.ar<\/a>).<\/p>\n<p>Los seminarios tienen un gran valor e importancia para los Doctorandos, ya que les permite someter sus investigaciones y progresos de Tesis a la discusi\u00f3n abierta y al aporte de la comunidad cient\u00edfica. Esto promueve el\u00a0enriquecimiento del plan de\u00a0acci\u00f3n\u00a0y la visi\u00f3n de los estudiantes de posgrado relativos a sus Tesis.<\/p>\n<p>Estas\u00a0Jornadas\u00a0de Seminarios de Doctorados se implementan desde 2015 con resultados muy satisfactorios en t\u00e9rminos de participaci\u00f3n y de calidad.<\/p>\n","protected":false},"excerpt":{"rendered":"<p>Se invita a la comunidad de la FACET a participar de las\u00a0Jornadas\u00a02019\u00a0de Seminarios de estudiantes del posgrado\u00a0Doctorado en Ciencias Exactas e Ingenier\u00eda\u00a0de la FACET-UNT, categorizado A por CONEAU, a\u00a0desarrollarse los d\u00edas\u00a030 y 31 de Mayo de\u00a02019, de 8:00 a 13:00\u00a0hs,\u00a0en la Sala de Medios Audiovisuales de la FACET.<\/p>\n","protected":false},"author":6,"featured_media":0,"comment_status":"closed","ping_status":"closed","sticky":false,"template":"","format":"standard","meta":[],"categories":[5],"tags":[],"_links":{"self":[{"href":"https:\/\/www.facet.unt.edu.ar\/facetinforma\/wp-json\/wp\/v2\/posts\/18368"}],"collection":[{"href":"https:\/\/www.facet.unt.edu.ar\/facetinforma\/wp-json\/wp\/v2\/posts"}],"about":[{"href":"https:\/\/www.facet.unt.edu.ar\/facetinforma\/wp-json\/wp\/v2\/types\/post"}],"author":[{"embeddable":true,"href":"https:\/\/www.facet.unt.edu.ar\/facetinforma\/wp-json\/wp\/v2\/users\/6"}],"replies":[{"embeddable":true,"href":"https:\/\/www.facet.unt.edu.ar\/facetinforma\/wp-json\/wp\/v2\/comments?post=18368"}],"version-history":[{"count":1,"href":"https:\/\/www.facet.unt.edu.ar\/facetinforma\/wp-json\/wp\/v2\/posts\/18368\/revisions"}],"predecessor-version":[{"id":18369,"href":"https:\/\/www.facet.unt.edu.ar\/facetinforma\/wp-json\/wp\/v2\/posts\/18368\/revisions\/18369"}],"wp:attachment":[{"href":"https:\/\/www.facet.unt.edu.ar\/facetinforma\/wp-json\/wp\/v2\/media?parent=18368"}],"wp:term":[{"taxonomy":"category","embeddable":true,"href":"https:\/\/www.facet.unt.edu.ar\/facetinforma\/wp-json\/wp\/v2\/categories?post=18368"},{"taxonomy":"post_tag","embeddable":true,"href":"https:\/\/www.facet.unt.edu.ar\/facetinforma\/wp-json\/wp\/v2\/tags?post=18368"}],"curies":[{"name":"wp","href":"https:\/\/api.w.org\/{rel}","templated":true}]}}