{"id":18380,"date":"2019-05-28T18:48:41","date_gmt":"2019-05-28T21:48:41","guid":{"rendered":"https:\/\/www.facet.unt.edu.ar\/facetinforma\/?p=18380"},"modified":"2019-05-28T18:54:31","modified_gmt":"2019-05-28T21:54:31","slug":"jornadas-de-seminarios-2019-doctorado-en-ciencias-exactas-e-ingenieria-2","status":"publish","type":"post","link":"https:\/\/www.facet.unt.edu.ar\/facetinforma\/2019\/05\/28\/jornadas-de-seminarios-2019-doctorado-en-ciencias-exactas-e-ingenieria-2\/","title":{"rendered":"Jornadas de Seminarios 2019 \u2013 Doctorado en Ciencias Exactas e Ingenier\u00eda"},"content":{"rendered":"<p>Se in\u00advi\u00adta a la co\u00admu\u00adni\u00addad de la FACET a par\u00adti\u00adci\u00adpar de las <strong>Jor\u00adna\u00addas 2019 de Semi\u00adna\u00adrios de es\u00adtu\u00addian\u00adtes del pos\u00adgra\u00addo Doc\u00adto\u00adra\u00addo en Cien\u00adcias Exac\u00adtas e Ingenie\u00adr\u00eda de la FA\u00adCET-UNT<\/strong>, ca\u00adte\u00adgo\u00adri\u00adza\u00addo A por CO\u00adNEAU, a desa\u00adrro\u00adllar\u00adse este <strong>jueves 30 de mayo<\/strong>, de <strong>8:00 a 13:30 hs<\/strong>, en la <strong>Sala de Me\u00addios Au\u00addio\u00advi\u00adsua\u00adles<\/strong> de la FACET. <!--more--><\/p>\n<p>Estos se\u00admi\u00adna\u00adrios con\u00adsis\u00adti\u00adr\u00e1n en pre\u00adsen\u00adta\u00adcio\u00adnes, de 15 mi\u00adnu\u00adtos de du\u00adra\u00adci\u00f3n cada una, a cargo de los Doc\u00adto\u00adran\u00addos quie\u00adnes pre\u00adsen\u00adta\u00adr\u00e1n los avan\u00adces de sus Tesis, se\u00adgui\u00adda de una etapa de pre\u00adgun\u00adtas de 5 mi\u00adnu\u00adtos de du\u00adra\u00adci\u00f3n, a cargo de los pro\u00adfe\u00adso\u00adres e in\u00adves\u00adti\u00adga\u00addo\u00adres asis\u00adten\u00adtes.<\/p>\n<p>Los se\u00admi\u00adna\u00adrios tie\u00adnen un gran valor e im\u00adpor\u00adtan\u00adcia para los Doc\u00adto\u00adran\u00addos, ya que les per\u00admi\u00adte so\u00adme\u00adter sus in\u00adves\u00adti\u00adga\u00adcio\u00adnes y pro\u00adgre\u00adsos de Tesis a la dis\u00adcu\u00adsi\u00f3n abier\u00adta y al apor\u00adte de la co\u00admu\u00adni\u00addad cien\u00adt\u00ed\u00adfi\u00adca. Esto pro\u00admue\u00adve el en\u00adri\u00adque\u00adci\u00admien\u00adto del plan de ac\u00adci\u00f3n y la vi\u00adsi\u00f3n de los es\u00adtu\u00addian\u00adtes de pos\u00adgra\u00addo re\u00adla\u00adti\u00advos a sus Tesis.<\/p>\n<p>Se adjunta el Cronograma de las Presentaciones: <a href=\"https:\/\/www.facet.unt.edu.ar\/facetinforma\/wp-content\/uploads\/sites\/9\/2019\/05\/Cronograma-de-Presentaciones-Seminario-Doctorado-en-Ciencias-Exactas-e-Ingenieria-2019.pdf\" target=\"_blank\" rel=\"noopener noreferrer\">Cronograma.pdf<\/a><\/p>\n<p>Estas Jor\u00adna\u00addas de Se\u00admi\u00adna\u00adrios de Doc\u00adto\u00adra\u00addos se im\u00adple\u00admen\u00adtan desde 2015 con re\u00adsul\u00adta\u00addos muy sa\u00adtis\u00adfac\u00adto\u00adrios en t\u00e9r\u00admi\u00adnos de par\u00adti\u00adci\u00adpa\u00adci\u00f3n y de ca\u00adli\u00addad.<\/p>\n<p>Habr\u00e1 caf\u00e9 y galletitas durante la ma\u00f1ana. Los esperamos!<\/p>\n","protected":false},"excerpt":{"rendered":"<p>Se in\u00advi\u00adta a la co\u00admu\u00adni\u00addad de la FACET a par\u00adti\u00adci\u00adpar de las Jor\u00adna\u00addas 2019 de Semi\u00adna\u00adrios de es\u00adtu\u00addian\u00adtes del pos\u00adgra\u00addo Doc\u00adto\u00adra\u00addo en Cien\u00adcias Exac\u00adtas e Ingenie\u00adr\u00eda de la FA\u00adCET-UNT, ca\u00adte\u00adgo\u00adri\u00adza\u00addo A por CO\u00adNEAU, a desa\u00adrro\u00adllar\u00adse este jueves 30 de mayo, de 8:00 a 13:30 hs, en la Sala de Me\u00addios Au\u00addio\u00advi\u00adsua\u00adles de la FACET.<\/p>\n","protected":false},"author":6,"featured_media":0,"comment_status":"closed","ping_status":"closed","sticky":false,"template":"","format":"standard","meta":[],"categories":[5],"tags":[],"_links":{"self":[{"href":"https:\/\/www.facet.unt.edu.ar\/facetinforma\/wp-json\/wp\/v2\/posts\/18380"}],"collection":[{"href":"https:\/\/www.facet.unt.edu.ar\/facetinforma\/wp-json\/wp\/v2\/posts"}],"about":[{"href":"https:\/\/www.facet.unt.edu.ar\/facetinforma\/wp-json\/wp\/v2\/types\/post"}],"author":[{"embeddable":true,"href":"https:\/\/www.facet.unt.edu.ar\/facetinforma\/wp-json\/wp\/v2\/users\/6"}],"replies":[{"embeddable":true,"href":"https:\/\/www.facet.unt.edu.ar\/facetinforma\/wp-json\/wp\/v2\/comments?post=18380"}],"version-history":[{"count":2,"href":"https:\/\/www.facet.unt.edu.ar\/facetinforma\/wp-json\/wp\/v2\/posts\/18380\/revisions"}],"predecessor-version":[{"id":18383,"href":"https:\/\/www.facet.unt.edu.ar\/facetinforma\/wp-json\/wp\/v2\/posts\/18380\/revisions\/18383"}],"wp:attachment":[{"href":"https:\/\/www.facet.unt.edu.ar\/facetinforma\/wp-json\/wp\/v2\/media?parent=18380"}],"wp:term":[{"taxonomy":"category","embeddable":true,"href":"https:\/\/www.facet.unt.edu.ar\/facetinforma\/wp-json\/wp\/v2\/categories?post=18380"},{"taxonomy":"post_tag","embeddable":true,"href":"https:\/\/www.facet.unt.edu.ar\/facetinforma\/wp-json\/wp\/v2\/tags?post=18380"}],"curies":[{"name":"wp","href":"https:\/\/api.w.org\/{rel}","templated":true}]}}