{"id":18411,"date":"2019-06-05T20:12:26","date_gmt":"2019-06-05T23:12:26","guid":{"rendered":"https:\/\/www.facet.unt.edu.ar\/facetinforma\/?p=18411"},"modified":"2019-06-05T20:36:59","modified_gmt":"2019-06-05T23:36:59","slug":"con-la-conferencia-sobre-la-maquina-de-dios-comenzo-la-semana-de-la-ingenieria","status":"publish","type":"post","link":"https:\/\/www.facet.unt.edu.ar\/facetinforma\/2019\/06\/05\/con-la-conferencia-sobre-la-maquina-de-dios-comenzo-la-semana-de-la-ingenieria\/","title":{"rendered":"Con la conferencia sobre \u201cLa m\u00e1quina de Dios\u201d, comenz\u00f3 la Semana de la Ingenier\u00eda"},"content":{"rendered":"<div id=\"pl-18411\"  class=\"panel-layout\"><div id=\"pg-18411-0\"  class=\"panel-grid panel-no-style\"><div id=\"pgc-18411-0-0\"  class=\"panel-grid-cell\"><div id=\"panel-18411-0-0-0\" class=\"so-panel widget widget_sow-editor panel-first-child\" data-index=\"0\"><div\n\t\t\t\n\t\t\tclass=\"so-widget-sow-editor so-widget-sow-editor-base\">\n<div class=\"siteorigin-widget-tinymce textwidget\">\n\t<p style=\"text-align: justify;\">Ayer, en las instalaciones de la FACET, tuvo lugar el acto inaugural de una nueva edici\u00f3n de la Semana de la Ingenier\u00eda. La ceremonia inaugural cont\u00f3 con la presencia de las Autoridades de esta casa, Decanos, Secretarios del Rectorado, el Ministro de Educaci\u00f3n de la Provincia, <strong>Juan Pablo Lichtmajer<\/strong>, el Secretario de Estado de Innovaci\u00f3n y Desarrollo Tecnol\u00f3gico de la Provincia, Ing. Mariano Garmendia, docentes, alumnos y p\u00fablico en general. <\/p><\/div><\/div><\/div><\/div><\/div><\/div><p><a class=\"more-link\" href=\"https:\/\/www.facet.unt.edu.ar\/facetinforma\/2019\/06\/05\/con-la-conferencia-sobre-la-maquina-de-dios-comenzo-la-semana-de-la-ingenieria\/\">Leer m\u00e1s<span class=\"meta-nav\">&rarr;<\/span><\/a><\/p>","protected":false},"excerpt":{"rendered":"<p>Ayer, en las instalaciones de la FACET, tuvo lugar el acto inaugural de una nueva edici\u00f3n de la Semana de la Ingenier\u00eda. La ceremonia inaugural cont\u00f3 con la presencia de las Autoridades de esta casa, Decanos, Secretarios del Rectorado, el Ministro de Educaci\u00f3n de la Provincia, Juan Pablo Lichtmajer, el Secretario de Estado de Innovaci\u00f3n [&hellip;]<\/p>\n","protected":false},"author":6,"featured_media":0,"comment_status":"closed","ping_status":"closed","sticky":false,"template":"","format":"standard","meta":[],"categories":[5],"tags":[],"_links":{"self":[{"href":"https:\/\/www.facet.unt.edu.ar\/facetinforma\/wp-json\/wp\/v2\/posts\/18411"}],"collection":[{"href":"https:\/\/www.facet.unt.edu.ar\/facetinforma\/wp-json\/wp\/v2\/posts"}],"about":[{"href":"https:\/\/www.facet.unt.edu.ar\/facetinforma\/wp-json\/wp\/v2\/types\/post"}],"author":[{"embeddable":true,"href":"https:\/\/www.facet.unt.edu.ar\/facetinforma\/wp-json\/wp\/v2\/users\/6"}],"replies":[{"embeddable":true,"href":"https:\/\/www.facet.unt.edu.ar\/facetinforma\/wp-json\/wp\/v2\/comments?post=18411"}],"version-history":[{"count":10,"href":"https:\/\/www.facet.unt.edu.ar\/facetinforma\/wp-json\/wp\/v2\/posts\/18411\/revisions"}],"predecessor-version":[{"id":18436,"href":"https:\/\/www.facet.unt.edu.ar\/facetinforma\/wp-json\/wp\/v2\/posts\/18411\/revisions\/18436"}],"wp:attachment":[{"href":"https:\/\/www.facet.unt.edu.ar\/facetinforma\/wp-json\/wp\/v2\/media?parent=18411"}],"wp:term":[{"taxonomy":"category","embeddable":true,"href":"https:\/\/www.facet.unt.edu.ar\/facetinforma\/wp-json\/wp\/v2\/categories?post=18411"},{"taxonomy":"post_tag","embeddable":true,"href":"https:\/\/www.facet.unt.edu.ar\/facetinforma\/wp-json\/wp\/v2\/tags?post=18411"}],"curies":[{"name":"wp","href":"https:\/\/api.w.org\/{rel}","templated":true}]}}