{"id":18485,"date":"2019-06-10T20:05:27","date_gmt":"2019-06-10T23:05:27","guid":{"rendered":"https:\/\/www.facet.unt.edu.ar\/facetinforma\/?p=18485"},"modified":"2019-06-10T21:03:10","modified_gmt":"2019-06-11T00:03:10","slug":"muestra-de-la-oferta-academica-exactas-para-todos-2019","status":"publish","type":"post","link":"https:\/\/www.facet.unt.edu.ar\/facetinforma\/2019\/06\/10\/muestra-de-la-oferta-academica-exactas-para-todos-2019\/","title":{"rendered":"Muestra de la Oferta Acad\u00e9mica \u201cExactas para Todos 2019\u201d"},"content":{"rendered":"<p style=\"text-align: justify;\">Se invita a la comunidad universitaria y al p\u00fablico en general a participar de la tradicional Muestra \u201cExactas para Todos\u201d en su edici\u00f3n 2019, que se desarrollar\u00e1 los d\u00edas 12, 13 y 14 de junio, en Planta Baja, de los Blocks 3 y 4 de la FACET. <!--more--><\/p>\n<p style=\"text-align: justify;\">El prop\u00f3sito central de \u00e9ste evento, es dar a conocer a los futuros ingresantes la Oferta Acad\u00e9mica que nuestra Facultad dispone, como as\u00ed tambi\u00e9n propiciar la vinculaci\u00f3n entre \u00e9sta y el sector empresarial.<\/p>\n<p style=\"text-align: justify;\">Para alcanzar este prop\u00f3sito, todas las carreras que se dictan en nuestra Facultad, estar\u00e1n representadas por stands, p\u00f3sters gr\u00e1ficos, muestras experimentales, equipos en funcionamientos, etc., los cuales ser\u00e1n atendidos por docentes y por estudiantes avanzados de las mismas, que dar\u00e1n a conocer a los visitantes caracter\u00edsticas destacadas de las carreras tales como: duraci\u00f3n, modalidad del cursado, cantidad de asignaturas, incumbencias profesionales, inserci\u00f3n laboral, perfil del egresado, etc.<\/p>\n<p>Los visitantes tambi\u00e9n podr\u00e1n recorrer Laboratorios y participar de Talleres y Charlas que permitir\u00e1n tener una visi\u00f3n m\u00e1s clara de las actividades de investigaci\u00f3n, docencia y extensi\u00f3n que se desarrollan en la FACET.<\/p>\n<p><a href=\"https:\/\/www.facet.unt.edu.ar\/facetinforma\/wp-content\/uploads\/sites\/9\/2019\/06\/ept-instagram-1.jpg\"><img decoding=\"async\" loading=\"lazy\" class=\"aligncenter wp-image-18508\" src=\"https:\/\/www.facet.unt.edu.ar\/facetinforma\/wp-content\/uploads\/sites\/9\/2019\/06\/ept-instagram-1-1024x1024.jpg\" alt=\"\" width=\"583\" height=\"583\" srcset=\"https:\/\/www.facet.unt.edu.ar\/facetinforma\/wp-content\/uploads\/sites\/9\/2019\/06\/ept-instagram-1-1024x1024.jpg 1024w, https:\/\/www.facet.unt.edu.ar\/facetinforma\/wp-content\/uploads\/sites\/9\/2019\/06\/ept-instagram-1-150x150.jpg 150w, https:\/\/www.facet.unt.edu.ar\/facetinforma\/wp-content\/uploads\/sites\/9\/2019\/06\/ept-instagram-1-300x300.jpg 300w, https:\/\/www.facet.unt.edu.ar\/facetinforma\/wp-content\/uploads\/sites\/9\/2019\/06\/ept-instagram-1-768x768.jpg 768w\" sizes=\"(max-width: 583px) 100vw, 583px\" \/><\/a><\/p>\n","protected":false},"excerpt":{"rendered":"<p>Se invita a la comunidad universitaria y al p\u00fablico en general a participar de la tradicional Muestra \u201cExactas para Todos\u201d en su edici\u00f3n 2019, que se desarrollar\u00e1 los d\u00edas 12, 13 y 14 de junio, en Planta Baja, de los Blocks 3 y 4 de la FACET.<\/p>\n","protected":false},"author":6,"featured_media":0,"comment_status":"closed","ping_status":"closed","sticky":false,"template":"","format":"standard","meta":[],"categories":[5],"tags":[],"_links":{"self":[{"href":"https:\/\/www.facet.unt.edu.ar\/facetinforma\/wp-json\/wp\/v2\/posts\/18485"}],"collection":[{"href":"https:\/\/www.facet.unt.edu.ar\/facetinforma\/wp-json\/wp\/v2\/posts"}],"about":[{"href":"https:\/\/www.facet.unt.edu.ar\/facetinforma\/wp-json\/wp\/v2\/types\/post"}],"author":[{"embeddable":true,"href":"https:\/\/www.facet.unt.edu.ar\/facetinforma\/wp-json\/wp\/v2\/users\/6"}],"replies":[{"embeddable":true,"href":"https:\/\/www.facet.unt.edu.ar\/facetinforma\/wp-json\/wp\/v2\/comments?post=18485"}],"version-history":[{"count":4,"href":"https:\/\/www.facet.unt.edu.ar\/facetinforma\/wp-json\/wp\/v2\/posts\/18485\/revisions"}],"predecessor-version":[{"id":18599,"href":"https:\/\/www.facet.unt.edu.ar\/facetinforma\/wp-json\/wp\/v2\/posts\/18485\/revisions\/18599"}],"wp:attachment":[{"href":"https:\/\/www.facet.unt.edu.ar\/facetinforma\/wp-json\/wp\/v2\/media?parent=18485"}],"wp:term":[{"taxonomy":"category","embeddable":true,"href":"https:\/\/www.facet.unt.edu.ar\/facetinforma\/wp-json\/wp\/v2\/categories?post=18485"},{"taxonomy":"post_tag","embeddable":true,"href":"https:\/\/www.facet.unt.edu.ar\/facetinforma\/wp-json\/wp\/v2\/tags?post=18485"}],"curies":[{"name":"wp","href":"https:\/\/api.w.org\/{rel}","templated":true}]}}