{"id":18602,"date":"2019-06-12T12:15:00","date_gmt":"2019-06-12T15:15:00","guid":{"rendered":"https:\/\/www.facet.unt.edu.ar\/facetinforma\/?p=18602"},"modified":"2019-06-12T12:15:00","modified_gmt":"2019-06-12T15:15:00","slug":"convocatoria-innovar-2019-prorroga-inscripcion","status":"publish","type":"post","link":"https:\/\/www.facet.unt.edu.ar\/facetinforma\/2019\/06\/12\/convocatoria-innovar-2019-prorroga-inscripcion\/","title":{"rendered":"Convocatoria INNOVAR 2019 \u2013 Pr\u00f3rroga inscripci\u00f3n"},"content":{"rendered":"<p>Se invita a la comunidad universitaria a participar de la edici\u00f3n 2019\u00a0del\u00a0<strong>Concurso Nacional de Innovadores\u00a0INNOVAR<\/strong>. El principal objetivo de la convocatoria es impulsar la cultura innovadora en los diferentes \u00e1mbitos productivos de nuestro pa\u00eds. <!--more--><\/p>\n<p>Existen 5 perfiles para inscribir el proyecto: investigadores, empresas y tercer sector, emprendedores e inventores, universitarios y terciarios, y secundarios.<\/p>\n<p><u>Fecha de inscripci\u00f3n (prorrogada)<\/u>:<strong>\u00a0hasta 24 de Junio de 2019<\/strong>.<\/p>\n<p>Se espera que los innovadores sigan contribuyendo con su conocimiento y experiencia al desarrollo de emprendimientos de producci\u00f3n nacional.<\/p>\n<p><span style=\"font-style: inherit; font-weight: inherit;\">La participaci\u00f3n en INNOVAR es libre y gratuita.<\/span><\/p>\n<p>M\u00e1s informaci\u00f3n en:\u00a0<a style=\"font-style: inherit; font-weight: inherit;\" href=\"https:\/\/mia.gob.ar\/convocatorias\/innovar\">https:\/\/mia.gob.ar\/convocatorias\/innovar<\/a><\/p>\n<p><a href=\"https:\/\/www.facet.unt.edu.ar\/facetinforma\/wp-content\/uploads\/sites\/9\/2019\/06\/innovar-pr\u00f3rroga.jpg\"><img decoding=\"async\" loading=\"lazy\" class=\"aligncenter  wp-image-18603\" src=\"https:\/\/www.facet.unt.edu.ar\/facetinforma\/wp-content\/uploads\/sites\/9\/2019\/06\/innovar-pr\u00f3rroga-806x1024.jpg\" alt=\"\" width=\"563\" height=\"715\" srcset=\"https:\/\/www.facet.unt.edu.ar\/facetinforma\/wp-content\/uploads\/sites\/9\/2019\/06\/innovar-pr\u00f3rroga-806x1024.jpg 806w, https:\/\/www.facet.unt.edu.ar\/facetinforma\/wp-content\/uploads\/sites\/9\/2019\/06\/innovar-pr\u00f3rroga-236x300.jpg 236w, https:\/\/www.facet.unt.edu.ar\/facetinforma\/wp-content\/uploads\/sites\/9\/2019\/06\/innovar-pr\u00f3rroga-768x976.jpg 768w, https:\/\/www.facet.unt.edu.ar\/facetinforma\/wp-content\/uploads\/sites\/9\/2019\/06\/innovar-pr\u00f3rroga.jpg 850w\" sizes=\"(max-width: 563px) 100vw, 563px\" \/><\/a><\/p>\n","protected":false},"excerpt":{"rendered":"<p>Se invita a la comunidad universitaria a participar de la edici\u00f3n 2019\u00a0del\u00a0Concurso Nacional de Innovadores\u00a0INNOVAR. El principal objetivo de la convocatoria es impulsar la cultura innovadora en los diferentes \u00e1mbitos productivos de nuestro pa\u00eds.<\/p>\n","protected":false},"author":6,"featured_media":0,"comment_status":"closed","ping_status":"closed","sticky":false,"template":"","format":"standard","meta":[],"categories":[5],"tags":[],"_links":{"self":[{"href":"https:\/\/www.facet.unt.edu.ar\/facetinforma\/wp-json\/wp\/v2\/posts\/18602"}],"collection":[{"href":"https:\/\/www.facet.unt.edu.ar\/facetinforma\/wp-json\/wp\/v2\/posts"}],"about":[{"href":"https:\/\/www.facet.unt.edu.ar\/facetinforma\/wp-json\/wp\/v2\/types\/post"}],"author":[{"embeddable":true,"href":"https:\/\/www.facet.unt.edu.ar\/facetinforma\/wp-json\/wp\/v2\/users\/6"}],"replies":[{"embeddable":true,"href":"https:\/\/www.facet.unt.edu.ar\/facetinforma\/wp-json\/wp\/v2\/comments?post=18602"}],"version-history":[{"count":1,"href":"https:\/\/www.facet.unt.edu.ar\/facetinforma\/wp-json\/wp\/v2\/posts\/18602\/revisions"}],"predecessor-version":[{"id":18604,"href":"https:\/\/www.facet.unt.edu.ar\/facetinforma\/wp-json\/wp\/v2\/posts\/18602\/revisions\/18604"}],"wp:attachment":[{"href":"https:\/\/www.facet.unt.edu.ar\/facetinforma\/wp-json\/wp\/v2\/media?parent=18602"}],"wp:term":[{"taxonomy":"category","embeddable":true,"href":"https:\/\/www.facet.unt.edu.ar\/facetinforma\/wp-json\/wp\/v2\/categories?post=18602"},{"taxonomy":"post_tag","embeddable":true,"href":"https:\/\/www.facet.unt.edu.ar\/facetinforma\/wp-json\/wp\/v2\/tags?post=18602"}],"curies":[{"name":"wp","href":"https:\/\/api.w.org\/{rel}","templated":true}]}}