{"id":18812,"date":"2019-07-01T19:09:29","date_gmt":"2019-07-01T22:09:29","guid":{"rendered":"https:\/\/www.facet.unt.edu.ar\/facetinforma\/?p=18812"},"modified":"2019-07-01T19:11:09","modified_gmt":"2019-07-01T22:11:09","slug":"competicion-regional-2019-en-soluciones-de-tecnologias-de-asistencia-para-personas-con-discapacidad","status":"publish","type":"post","link":"https:\/\/www.facet.unt.edu.ar\/facetinforma\/2019\/07\/01\/competicion-regional-2019-en-soluciones-de-tecnologias-de-asistencia-para-personas-con-discapacidad\/","title":{"rendered":"Competici\u00f3n Regional 2019 en Soluciones de Tecnolog\u00edas de Asistencia para Personas con Discapacidad"},"content":{"rendered":"<p>Del 20 al 22 de noviembre del corriente a\u00f1o, se llevar\u00e1 a cabo la sexta edici\u00f3n de \u201cAm\u00e9rica Accesible: TIC para TODOS\u201d, en Quito, Ecuador. Esta competici\u00f3n regional, organizada por la Uni\u00f3n Internacional de Telecomunicaciones (UIT) en cooperaci\u00f3n con el SiDi, es un concurso para promover la creaci\u00f3n y el desarrollo de nuevas soluciones de tecnolog\u00edas de asistencias para personas con discapacidad, bajo dos categor\u00edas de participaci\u00f3n: <!--more--><\/p>\n<ol>\n<li>Proyectos de soluciones que a\u00fan necesitan desarrollarse o que todav\u00eda se est\u00e1 desarrollando en tecnolog\u00edas de asistencia para personas con discapacidad; y,<\/li>\n<li>Soluciones en tecnolog\u00edas de asistencia para personas con discapacidad que ya est\u00e9n desarrolladas y\/o disponibles en el mercado.<\/li>\n<\/ol>\n<p><u>Fecha l\u00edmite para la presentaci\u00f3n de propuestas<\/u>: <strong>30 de septiembre de 2019<\/strong><\/p>\n<p>Las soluciones propuestas y desarrolladas por los participantes del concurso ser\u00e1n analizadas por una comisi\u00f3n compuesta por representantes de la UIT y del SiDi, expertos en las diferentes \u00e1reas relacionadas con productos a las Tecnolog\u00edas de la Informaci\u00f3n y la Comunicaci\u00f3n. Cada miembro de esta Comisi\u00f3n asignar\u00e1 una puntuaci\u00f3n a cada soluci\u00f3n propuesta, seg\u00fan los siguientes criterios: Creatividad, Experiencia del Usuario, Tecnolog\u00eda y Desarrollo de la Soluci\u00f3n.<\/p>\n<p>M\u00e1s informaci\u00f3n en el siguiente link: <a href=\"https:\/\/www.itu.int\/en\/ITU-D\/Regional-Presence\/Americas\/Pages\/EVENTS\/2019\/23940.aspx\">https:\/\/www.itu.int\/en\/ITU-D\/Regional-Presence\/Americas\/Pages\/EVENTS\/2019\/23940.aspx <\/a><\/p>\n<p>Instrucciones para participar:<span style=\"font-size: 10.0pt; line-height: 115%; font-family: 'Arial','sans-serif'; color: #1c1e21;\">\u00a0<\/span><a href=\"https:\/\/www.itu.int\/en\/ITU-D\/Regional-Presence\/Americas\/Documents\/CONTESTS\/2019-Accesibility-App\/Information-SP.pdf\">https:\/\/www.itu.int\/en\/ITU-D\/Regional-Presence\/Americas\/Documents\/CONTESTS\/2019-Accesibility-App\/Information-SP.pdf<\/a><\/p>\n<p><a href=\"https:\/\/www.facet.unt.edu.ar\/facetinforma\/wp-content\/uploads\/sites\/9\/2019\/07\/competencia-tic-para-todos.png\"><img decoding=\"async\" loading=\"lazy\" class=\"aligncenter size-full wp-image-18814\" src=\"https:\/\/www.facet.unt.edu.ar\/facetinforma\/wp-content\/uploads\/sites\/9\/2019\/07\/competencia-tic-para-todos.png\" alt=\"\" width=\"559\" height=\"397\" srcset=\"https:\/\/www.facet.unt.edu.ar\/facetinforma\/wp-content\/uploads\/sites\/9\/2019\/07\/competencia-tic-para-todos.png 559w, https:\/\/www.facet.unt.edu.ar\/facetinforma\/wp-content\/uploads\/sites\/9\/2019\/07\/competencia-tic-para-todos-300x213.png 300w\" sizes=\"(max-width: 559px) 100vw, 559px\" \/><\/a><\/p>\n","protected":false},"excerpt":{"rendered":"<p>Del 20 al 22 de noviembre del corriente a\u00f1o, se llevar\u00e1 a cabo la sexta edici\u00f3n de \u201cAm\u00e9rica Accesible: TIC para TODOS\u201d, en Quito, Ecuador. Esta competici\u00f3n regional, organizada por la Uni\u00f3n Internacional de Telecomunicaciones (UIT) en cooperaci\u00f3n con el SiDi, es un concurso para promover la creaci\u00f3n y el desarrollo de nuevas soluciones de [&hellip;]<\/p>\n","protected":false},"author":6,"featured_media":0,"comment_status":"closed","ping_status":"closed","sticky":false,"template":"","format":"standard","meta":[],"categories":[5],"tags":[],"_links":{"self":[{"href":"https:\/\/www.facet.unt.edu.ar\/facetinforma\/wp-json\/wp\/v2\/posts\/18812"}],"collection":[{"href":"https:\/\/www.facet.unt.edu.ar\/facetinforma\/wp-json\/wp\/v2\/posts"}],"about":[{"href":"https:\/\/www.facet.unt.edu.ar\/facetinforma\/wp-json\/wp\/v2\/types\/post"}],"author":[{"embeddable":true,"href":"https:\/\/www.facet.unt.edu.ar\/facetinforma\/wp-json\/wp\/v2\/users\/6"}],"replies":[{"embeddable":true,"href":"https:\/\/www.facet.unt.edu.ar\/facetinforma\/wp-json\/wp\/v2\/comments?post=18812"}],"version-history":[{"count":2,"href":"https:\/\/www.facet.unt.edu.ar\/facetinforma\/wp-json\/wp\/v2\/posts\/18812\/revisions"}],"predecessor-version":[{"id":18815,"href":"https:\/\/www.facet.unt.edu.ar\/facetinforma\/wp-json\/wp\/v2\/posts\/18812\/revisions\/18815"}],"wp:attachment":[{"href":"https:\/\/www.facet.unt.edu.ar\/facetinforma\/wp-json\/wp\/v2\/media?parent=18812"}],"wp:term":[{"taxonomy":"category","embeddable":true,"href":"https:\/\/www.facet.unt.edu.ar\/facetinforma\/wp-json\/wp\/v2\/categories?post=18812"},{"taxonomy":"post_tag","embeddable":true,"href":"https:\/\/www.facet.unt.edu.ar\/facetinforma\/wp-json\/wp\/v2\/tags?post=18812"}],"curies":[{"name":"wp","href":"https:\/\/api.w.org\/{rel}","templated":true}]}}