{"id":1883,"date":"2012-09-21T10:40:34","date_gmt":"2012-09-21T10:40:34","guid":{"rendered":"http:\/\/www1.herrera.unt.edu.ar\/facetinforma\/?p=1883"},"modified":"2012-09-21T10:40:34","modified_gmt":"2012-09-21T10:40:34","slug":"programa-de-pasantias-abinbev","status":"publish","type":"post","link":"https:\/\/www.facet.unt.edu.ar\/facetinforma\/2012\/09\/21\/programa-de-pasantias-abinbev\/","title":{"rendered":"Programa de Pasant\u00edas \u2013 ABInBev"},"content":{"rendered":"<p><span style=\"text-decoration: underline\">DURACI\u00d3N:<\/span><br \/> \u00d8 6 meses, con posibilidades de renovaci\u00f3n.<\/p>\n<p style=\"text-align: justify\"><span style=\"text-decoration: underline\">REQUISITOS:<\/span><br \/>\u00d8 Alumno\/as Avanzado\/as (\u00faltimos 18 meses de carrera) de las Carreras de Ingenier\u00eda El\u00e9ctrica, Ingenier\u00eda Electr\u00f3nica, Ingenier\u00eda Industrial, Ingenier\u00eda Mec\u00e1nica \u00f3 Ingenier\u00eda Qu\u00edmica.<br \/> \u00d8 Buen Rendimiento Acad\u00e9mico.<\/p>\n<p style=\"text-align: justify\">Los interesados deben enviar su CV hasta el Jueves 27 de Septiembre de 2012 a las 12:00 hs. a: <a href=\"mailto:sae.facet@gmail.com\" target=\"_blank\">sae.facet@gmail.com<\/a> destacando en el Asunto del mail la palabra: \u201cPASANTIAS&#8221;.<\/p>\n<p style=\"text-align: justify\">Adjuntar el CV con el formato: DNI-NombreCompleto.doc \u00f3 DNI-NombreCompleto.pdf. Ejemplo: 12345678-MarianaGarcia.xls<\/p>\n<p style=\"text-align: justify\"><strong>IMPORTANTE<\/strong>: NO SE RECIBIR\u00c1N ARCHIVOS DE M\u00c1S DE 500 KB.<\/p>\n<p>Atte.,\u00a0<\/p>\n<h6><span style=\"font-size: x-small;font-family: times new roman,times\">&#8212; <\/span><br \/><span style=\"font-size: x-small;font-family: times new roman,times\"> Ing. Marcelo Emilio Leiva<\/span><br \/><span style=\"font-size: x-small;font-family: times new roman,times\"> Coordinador de Becas y Pasant\u00edas<\/span><br \/><span style=\"font-size: x-small;font-family: times new roman,times\"> Secretar\u00eda de Bienestar Estudiantil<\/span><br \/><span style=\"font-size: x-small;font-family: times new roman,times\"> Facultad de Ciencias Exactas y Tecnolog\u00eda<\/span><br \/><span style=\"font-size: x-small;font-family: times new roman,times\"> Universidad Nacional de Tucum\u00e1n<\/span><\/h6>\n<p>PD: Se adjunta Aviso de la Convocatoria:<br \/>&#8211;<a href=\"https:\/\/www.facet.unt.edu.ar\/facetinforma\/wp-content\/uploads\/sites\/9\/2012\/09\/Aviso-Programa-de-Pasantias-ABInBev.pdf\" target=\"_blank\"><strong> <\/strong>Aviso &#8211; Programa de Pasant\u00edas &#8211; ABInBev.pdf<\/a><\/p>\n","protected":false},"excerpt":{"rendered":"<p>DURACI\u00d3N: \u00d8 6 meses, con posibilidades de renovaci\u00f3n. REQUISITOS:\u00d8 Alumno\/as Avanzado\/as (\u00faltimos 18 meses de carrera) de las Carreras de Ingenier\u00eda El\u00e9ctrica, Ingenier\u00eda Electr\u00f3nica, Ingenier\u00eda Industrial, Ingenier\u00eda Mec\u00e1nica \u00f3 Ingenier\u00eda Qu\u00edmica. \u00d8 Buen Rendimiento Acad\u00e9mico. Los interesados deben enviar su CV hasta el Jueves 27 de Septiembre de 2012 a las 12:00 hs. a: sae.facet@gmail.com [&hellip;]<\/p>\n","protected":false},"author":6,"featured_media":0,"comment_status":"closed","ping_status":"open","sticky":false,"template":"","format":"standard","meta":[],"categories":[5,6],"tags":[],"_links":{"self":[{"href":"https:\/\/www.facet.unt.edu.ar\/facetinforma\/wp-json\/wp\/v2\/posts\/1883"}],"collection":[{"href":"https:\/\/www.facet.unt.edu.ar\/facetinforma\/wp-json\/wp\/v2\/posts"}],"about":[{"href":"https:\/\/www.facet.unt.edu.ar\/facetinforma\/wp-json\/wp\/v2\/types\/post"}],"author":[{"embeddable":true,"href":"https:\/\/www.facet.unt.edu.ar\/facetinforma\/wp-json\/wp\/v2\/users\/6"}],"replies":[{"embeddable":true,"href":"https:\/\/www.facet.unt.edu.ar\/facetinforma\/wp-json\/wp\/v2\/comments?post=1883"}],"version-history":[{"count":0,"href":"https:\/\/www.facet.unt.edu.ar\/facetinforma\/wp-json\/wp\/v2\/posts\/1883\/revisions"}],"wp:attachment":[{"href":"https:\/\/www.facet.unt.edu.ar\/facetinforma\/wp-json\/wp\/v2\/media?parent=1883"}],"wp:term":[{"taxonomy":"category","embeddable":true,"href":"https:\/\/www.facet.unt.edu.ar\/facetinforma\/wp-json\/wp\/v2\/categories?post=1883"},{"taxonomy":"post_tag","embeddable":true,"href":"https:\/\/www.facet.unt.edu.ar\/facetinforma\/wp-json\/wp\/v2\/tags?post=1883"}],"curies":[{"name":"wp","href":"https:\/\/api.w.org\/{rel}","templated":true}]}}