{"id":18847,"date":"2019-07-05T10:57:36","date_gmt":"2019-07-05T13:57:36","guid":{"rendered":"https:\/\/www.facet.unt.edu.ar\/facetinforma\/?p=18847"},"modified":"2019-07-05T11:25:50","modified_gmt":"2019-07-05T14:25:50","slug":"jornadas-del-departamento-de-geodesia-y-topografia","status":"publish","type":"post","link":"https:\/\/www.facet.unt.edu.ar\/facetinforma\/2019\/07\/05\/jornadas-del-departamento-de-geodesia-y-topografia\/","title":{"rendered":"Jornadas del Departamento de Geodesia y Topograf\u00eda"},"content":{"rendered":"<p style=\"font-weight: 400; text-align: justify;\">A partir de hoy y hasta el domingo 7 del corriente mes, se llevar\u00e1 a cabo una campa\u00f1a de las materias de Topograf\u00eda 3, Astronom\u00eda y Mediciones Especiales de las carreras de Agrimensura e Ingenier\u00eda Geod\u00e9sica y Geof\u00edsica de la FACET, en la ciudad universitaria de San Javier. <!--more--><\/p>\n<p style=\"font-weight: 400; text-align: justify;\">Esta actividad, que se desarrolla todos los a\u00f1os, cuenta con la participaci\u00f3n de 40 personas entre docentes del Departamento de Geodesia y Topograf\u00eda y estudiantes de ambas carreras; y busca\u00a0consolidar lo aprendido en el dictado en dichas materias generando las condiciones de un trabajo real de gran relevancia.<\/p>\n<p style=\"text-align: justify;\">En estas 3 jornadas intensivas de trabajo se realizar\u00e1n relevamientos planialtim\u00e9tricos con estaci\u00f3n total y nivel \u00f3ptico, determinaci\u00f3n de coordenadas geod\u00e9sicas a partir de auscultaci\u00f3n a estrellas con teodolitos astron\u00f3micos, armado de una red de altimetr\u00eda de precisi\u00f3n con niveles \u00f3pticos con placa planoparalela para control de asentamientos de edificios, relevamientos fotogram\u00e9tricos con drones, entre otros.<\/p>\n<p style=\"text-align: justify;\">El d\u00eda domingo 7 de julio, a horas 11:00 am, se expondr\u00e1 al p\u00fablico en general todos los trabajos, en el Sal\u00f3n de Usos M\u00faltiples de la ciudad universitaria de San Javier.<\/p>\n<p style=\"text-align: justify;\">El Departamento agradece a las autoridades de la FACET y en especial al Secretario de Bienestar Universitario de la UNT, Ing. Agr. Gustavo Adolfo Vitulli, por el apoyo recibido.<\/p>\n","protected":false},"excerpt":{"rendered":"<p>A partir de hoy y hasta el domingo 7 del corriente mes, se llevar\u00e1 a cabo una campa\u00f1a de las materias de Topograf\u00eda 3, Astronom\u00eda y Mediciones Especiales de las carreras de Agrimensura e Ingenier\u00eda Geod\u00e9sica y Geof\u00edsica de la FACET, en la ciudad universitaria de San Javier.<\/p>\n","protected":false},"author":6,"featured_media":0,"comment_status":"closed","ping_status":"closed","sticky":false,"template":"","format":"standard","meta":[],"categories":[5],"tags":[],"_links":{"self":[{"href":"https:\/\/www.facet.unt.edu.ar\/facetinforma\/wp-json\/wp\/v2\/posts\/18847"}],"collection":[{"href":"https:\/\/www.facet.unt.edu.ar\/facetinforma\/wp-json\/wp\/v2\/posts"}],"about":[{"href":"https:\/\/www.facet.unt.edu.ar\/facetinforma\/wp-json\/wp\/v2\/types\/post"}],"author":[{"embeddable":true,"href":"https:\/\/www.facet.unt.edu.ar\/facetinforma\/wp-json\/wp\/v2\/users\/6"}],"replies":[{"embeddable":true,"href":"https:\/\/www.facet.unt.edu.ar\/facetinforma\/wp-json\/wp\/v2\/comments?post=18847"}],"version-history":[{"count":5,"href":"https:\/\/www.facet.unt.edu.ar\/facetinforma\/wp-json\/wp\/v2\/posts\/18847\/revisions"}],"predecessor-version":[{"id":18854,"href":"https:\/\/www.facet.unt.edu.ar\/facetinforma\/wp-json\/wp\/v2\/posts\/18847\/revisions\/18854"}],"wp:attachment":[{"href":"https:\/\/www.facet.unt.edu.ar\/facetinforma\/wp-json\/wp\/v2\/media?parent=18847"}],"wp:term":[{"taxonomy":"category","embeddable":true,"href":"https:\/\/www.facet.unt.edu.ar\/facetinforma\/wp-json\/wp\/v2\/categories?post=18847"},{"taxonomy":"post_tag","embeddable":true,"href":"https:\/\/www.facet.unt.edu.ar\/facetinforma\/wp-json\/wp\/v2\/tags?post=18847"}],"curies":[{"name":"wp","href":"https:\/\/api.w.org\/{rel}","templated":true}]}}