{"id":18878,"date":"2019-07-10T17:06:49","date_gmt":"2019-07-10T20:06:49","guid":{"rendered":"https:\/\/www.facet.unt.edu.ar\/facetinforma\/?p=18878"},"modified":"2019-07-10T17:39:42","modified_gmt":"2019-07-10T20:39:42","slug":"3ras-jornadas-de-innovacion-educativa-confedi-ciie","status":"publish","type":"post","link":"https:\/\/www.facet.unt.edu.ar\/facetinforma\/2019\/07\/10\/3ras-jornadas-de-innovacion-educativa-confedi-ciie\/","title":{"rendered":"3ras Jornadas de Innovaci\u00f3n Educativa CONFEDI &#8211; CIIE"},"content":{"rendered":"<p style=\"text-align: justify;\">El Consejo Federal de Decanos de Ingenier\u00eda (CONFEDI) y el Centro de Investigaci\u00f3n e Innovaci\u00f3n Educativa (CIIE) de la UTN &#8211; FRBA invitan a participar de las <strong>3ras. Jornadas de Innovaci\u00f3n Educativa<\/strong> que se realizar\u00e1n los d\u00edas 5 y 6 de agosto del corriente a\u00f1o. <!--more--><\/p>\n<p style=\"text-align: justify;\">Dichas jornadas contar\u00e1n con la participaci\u00f3n del <strong>Dr. Eduardo Vendrell Vidal<\/strong>, Vicerrector de Estudios, Calidad y Acreditaci\u00f3n de la Universidad Polit\u00e9cnica de Valencia.<\/p>\n<p style=\"text-align: justify;\">Adem\u00e1s se realizar\u00e1 la presentaci\u00f3n del libro <em>\u201cEl Enfoque por Competencias en la Ciencias B\u00e1sicas: Casos y ejemplos en Educaci\u00f3n en Ingenier\u00eda\u201d<\/em>, as\u00ed como cl\u00ednicas y talleres referidos a la tem\u00e1tica relacionada con la segunda generaci\u00f3n de est\u00e1ndares para la acreditaci\u00f3n de las carreras de Ingenier\u00eda (Libro Rojo).<\/p>\n<p style=\"text-align: justify;\">Inscripci\u00f3n e informaci\u00f3n detallada del evento en: <a href=\"http:\/\/ciie.utn.edu.ar\/3jornada\/\" target=\"_blank\" rel=\"noopener noreferrer\">http:\/\/ciie.utn.edu.ar\/3jornada\/<\/a><\/p>\n<p><a href=\"https:\/\/www.facet.unt.edu.ar\/facetinforma\/wp-content\/uploads\/sites\/9\/2019\/07\/jornadas-innovaci\u00f3n.png\"><img decoding=\"async\" loading=\"lazy\" class=\"aligncenter wp-image-18880\" src=\"https:\/\/www.facet.unt.edu.ar\/facetinforma\/wp-content\/uploads\/sites\/9\/2019\/07\/jornadas-innovaci\u00f3n.png\" alt=\"\" width=\"505\" height=\"192\" srcset=\"https:\/\/www.facet.unt.edu.ar\/facetinforma\/wp-content\/uploads\/sites\/9\/2019\/07\/jornadas-innovaci\u00f3n.png 820w, https:\/\/www.facet.unt.edu.ar\/facetinforma\/wp-content\/uploads\/sites\/9\/2019\/07\/jornadas-innovaci\u00f3n-300x114.png 300w, https:\/\/www.facet.unt.edu.ar\/facetinforma\/wp-content\/uploads\/sites\/9\/2019\/07\/jornadas-innovaci\u00f3n-768x292.png 768w\" sizes=\"(max-width: 505px) 100vw, 505px\" \/><\/a><\/p>\n","protected":false},"excerpt":{"rendered":"<p>El Consejo Federal de Decanos de Ingenier\u00eda (CONFEDI) y el Centro de Investigaci\u00f3n e Innovaci\u00f3n Educativa (CIIE) de la UTN &#8211; FRBA invitan a participar de las 3ras. Jornadas de Innovaci\u00f3n Educativa que se realizar\u00e1n los d\u00edas 5 y 6 de agosto del corriente a\u00f1o.<\/p>\n","protected":false},"author":6,"featured_media":0,"comment_status":"closed","ping_status":"closed","sticky":false,"template":"","format":"standard","meta":[],"categories":[5],"tags":[],"_links":{"self":[{"href":"https:\/\/www.facet.unt.edu.ar\/facetinforma\/wp-json\/wp\/v2\/posts\/18878"}],"collection":[{"href":"https:\/\/www.facet.unt.edu.ar\/facetinforma\/wp-json\/wp\/v2\/posts"}],"about":[{"href":"https:\/\/www.facet.unt.edu.ar\/facetinforma\/wp-json\/wp\/v2\/types\/post"}],"author":[{"embeddable":true,"href":"https:\/\/www.facet.unt.edu.ar\/facetinforma\/wp-json\/wp\/v2\/users\/6"}],"replies":[{"embeddable":true,"href":"https:\/\/www.facet.unt.edu.ar\/facetinforma\/wp-json\/wp\/v2\/comments?post=18878"}],"version-history":[{"count":4,"href":"https:\/\/www.facet.unt.edu.ar\/facetinforma\/wp-json\/wp\/v2\/posts\/18878\/revisions"}],"predecessor-version":[{"id":18886,"href":"https:\/\/www.facet.unt.edu.ar\/facetinforma\/wp-json\/wp\/v2\/posts\/18878\/revisions\/18886"}],"wp:attachment":[{"href":"https:\/\/www.facet.unt.edu.ar\/facetinforma\/wp-json\/wp\/v2\/media?parent=18878"}],"wp:term":[{"taxonomy":"category","embeddable":true,"href":"https:\/\/www.facet.unt.edu.ar\/facetinforma\/wp-json\/wp\/v2\/categories?post=18878"},{"taxonomy":"post_tag","embeddable":true,"href":"https:\/\/www.facet.unt.edu.ar\/facetinforma\/wp-json\/wp\/v2\/tags?post=18878"}],"curies":[{"name":"wp","href":"https:\/\/api.w.org\/{rel}","templated":true}]}}