{"id":18937,"date":"2019-07-26T11:45:14","date_gmt":"2019-07-26T14:45:14","guid":{"rendered":"https:\/\/www.facet.unt.edu.ar\/facetinforma\/?p=18937"},"modified":"2019-07-26T11:45:14","modified_gmt":"2019-07-26T14:45:14","slug":"i-concurso-nacional-de-registro-grafico-egrafia-2019-contame-tu-ciudad","status":"publish","type":"post","link":"https:\/\/www.facet.unt.edu.ar\/facetinforma\/2019\/07\/26\/i-concurso-nacional-de-registro-grafico-egrafia-2019-contame-tu-ciudad\/","title":{"rendered":"I Concurso Nacional de Registro Gr\u00e1fico EGRAFIA 2019 \u201cCONTAME TU CIUDAD\u201d"},"content":{"rendered":"<p style=\"text-align: justify;\">La Facultad de Ciencias Exactas y Tecnolog\u00eda de la Universidad Nacional de Tucum\u00e1n y la Asociaci\u00f3n Argentina de Profesores de Dibujo en Ingenier\u00eda, Arquitectura y Carreras afines, EGRAFIA ARGENTINA, organizan el \u201c1er Concurso Nacional de Registro Gr\u00e1fico EGRAFIA 2019\u201d, cuya tem\u00e1tica es \u201cCONTAME TU CIUDAD\u201d, destinado a estudiantes universitarios, en el marco del XVI Congreso Nacional de Expresi\u00f3n Gr\u00e1fica en Ingenier\u00eda, Arquitectura y Carreras Afines. <!--more--><\/p>\n<p style=\"text-align: justify;\">Esta propuesta del Concurso de Registro Gr\u00e1fico pone el acento en la revalorizaci\u00f3n de la expresi\u00f3n gr\u00e1fica, poniendo en relieve el dibujo anal\u00f3gico y el croquis, pero integr\u00e1ndolos tambi\u00e9n con otras t\u00e9cnicas de expresi\u00f3n, incluso las tecnolog\u00edas digitales y la fotograf\u00eda.<\/p>\n<p style=\"text-align: justify;\">Por esto, la comisi\u00f3n organizadora invita a los Docentes a promover la adhesi\u00f3n de sus estudiantes, inst\u00e1ndolos a participar en este Concurso, que esperamos ser\u00e1, en el futuro, parte integrante de las actividades habituales de los Congresos anuales de la Asociaci\u00f3n.<\/p>\n<p style=\"text-align: justify;\">La recepci\u00f3n de trabajos se extender\u00e1 hasta el 16\/08\/2019 y la modalidad, condiciones para la participaci\u00f3n, premios y bases del Concurso se pueden consultar en el mail de contacto:\u00a0\u00a0\u00a0\u00a0\u00a0\u00a0\u00a0\u00a0\u00a0 <a href=\"mailto:amigosdeegrafia@herrera.unt.edu.ar\">amigosdeegrafia@herrera.unt.edu.ar<\/a><\/p>\n<p><a href=\"https:\/\/www.facet.unt.edu.ar\/facetinforma\/wp-content\/uploads\/sites\/9\/2019\/07\/dddd.jpg\"><img decoding=\"async\" loading=\"lazy\" class=\"aligncenter  wp-image-18942\" src=\"https:\/\/www.facet.unt.edu.ar\/facetinforma\/wp-content\/uploads\/sites\/9\/2019\/07\/dddd.jpg\" alt=\"\" width=\"482\" height=\"689\" srcset=\"https:\/\/www.facet.unt.edu.ar\/facetinforma\/wp-content\/uploads\/sites\/9\/2019\/07\/dddd.jpg 420w, https:\/\/www.facet.unt.edu.ar\/facetinforma\/wp-content\/uploads\/sites\/9\/2019\/07\/dddd-210x300.jpg 210w\" sizes=\"(max-width: 482px) 100vw, 482px\" \/><\/a><\/p>\n","protected":false},"excerpt":{"rendered":"<p>La Facultad de Ciencias Exactas y Tecnolog\u00eda de la Universidad Nacional de Tucum\u00e1n y la Asociaci\u00f3n Argentina de Profesores de Dibujo en Ingenier\u00eda, Arquitectura y Carreras afines, EGRAFIA ARGENTINA, organizan el \u201c1er Concurso Nacional de Registro Gr\u00e1fico EGRAFIA 2019\u201d, cuya tem\u00e1tica es \u201cCONTAME TU CIUDAD\u201d, destinado a estudiantes universitarios, en el marco del XVI Congreso [&hellip;]<\/p>\n","protected":false},"author":6,"featured_media":0,"comment_status":"closed","ping_status":"closed","sticky":false,"template":"","format":"standard","meta":[],"categories":[5],"tags":[],"_links":{"self":[{"href":"https:\/\/www.facet.unt.edu.ar\/facetinforma\/wp-json\/wp\/v2\/posts\/18937"}],"collection":[{"href":"https:\/\/www.facet.unt.edu.ar\/facetinforma\/wp-json\/wp\/v2\/posts"}],"about":[{"href":"https:\/\/www.facet.unt.edu.ar\/facetinforma\/wp-json\/wp\/v2\/types\/post"}],"author":[{"embeddable":true,"href":"https:\/\/www.facet.unt.edu.ar\/facetinforma\/wp-json\/wp\/v2\/users\/6"}],"replies":[{"embeddable":true,"href":"https:\/\/www.facet.unt.edu.ar\/facetinforma\/wp-json\/wp\/v2\/comments?post=18937"}],"version-history":[{"count":1,"href":"https:\/\/www.facet.unt.edu.ar\/facetinforma\/wp-json\/wp\/v2\/posts\/18937\/revisions"}],"predecessor-version":[{"id":18944,"href":"https:\/\/www.facet.unt.edu.ar\/facetinforma\/wp-json\/wp\/v2\/posts\/18937\/revisions\/18944"}],"wp:attachment":[{"href":"https:\/\/www.facet.unt.edu.ar\/facetinforma\/wp-json\/wp\/v2\/media?parent=18937"}],"wp:term":[{"taxonomy":"category","embeddable":true,"href":"https:\/\/www.facet.unt.edu.ar\/facetinforma\/wp-json\/wp\/v2\/categories?post=18937"},{"taxonomy":"post_tag","embeddable":true,"href":"https:\/\/www.facet.unt.edu.ar\/facetinforma\/wp-json\/wp\/v2\/tags?post=18937"}],"curies":[{"name":"wp","href":"https:\/\/api.w.org\/{rel}","templated":true}]}}