{"id":18962,"date":"2019-07-31T16:42:11","date_gmt":"2019-07-31T19:42:11","guid":{"rendered":"https:\/\/www.facet.unt.edu.ar\/facetinforma\/?p=18962"},"modified":"2019-07-31T16:56:55","modified_gmt":"2019-07-31T19:56:55","slug":"3er-simposio-iberamericano-en-microrredes-inteligentes-con-integracion-de-energias-renovables-simiier","status":"publish","type":"post","link":"https:\/\/www.facet.unt.edu.ar\/facetinforma\/2019\/07\/31\/3er-simposio-iberamericano-en-microrredes-inteligentes-con-integracion-de-energias-renovables-simiier\/","title":{"rendered":"3er Simposio Iberamericano en Microrredes Inteligentes con Integraci\u00f3n de Energ\u00edas Renovables (SiMIIER)"},"content":{"rendered":"<p style=\"text-align: justify;\">El SiMIIER 2019 tendr\u00e1 lugar del 01 al 03 de octubre de 2019 en el Auditorio Milton Santos del Parque Tecnol\u00f3gico Itaip\u00fa (Foz do Iguaz\u00fa, Paran\u00e1 &#8211; Brasil), organizado por la Red MEIHAPER CYTED, con el patrocinio del Programa Iberoamericano de Ciencia y Tecnolog\u00eda para el Desarrollo (CYTED). <!--more--><\/p>\n<p style=\"text-align: justify;\">Los temas de inter\u00e9s del SiMIIER 2019 incluyen, entre otros, pol\u00edticas de promoci\u00f3n; energ\u00eda distribuida; redes inteligentes; convertidores electr\u00f3nicos de potencia; integraci\u00f3n de veh\u00edculos el\u00e9ctricos; sistemas de supervisi\u00f3n y control; gesti\u00f3n de energ\u00eda (generaci\u00f3n y demanda); almacenamiento de energ\u00eda; integraci\u00f3n de energ\u00edas renovables; medidores inteligentes; optimizaci\u00f3n; modelado y simulaci\u00f3n; sistemas h\u00edbridos; educaci\u00f3n y divulgaci\u00f3n; m\u00e9todos y herramientas de dise\u00f1o; \u00a0uso racional y eficiente de la energ\u00eda; detecci\u00f3n, diagn\u00f3stico y tolerancia a fallas.<\/p>\n<p style=\"text-align: justify;\">Se aceptar\u00e1n propuestas de contribuciones en las siguientes categor\u00edas: mini-cursos, conferencias, ponencias de trabajos completos (entre 6 y 12 p\u00e1ginas) y posters.<\/p>\n<p style=\"text-align: justify;\"><u>Fechas importantes<\/u>:<br \/>\n25\/07\/2019 \u00a0&#8211; Llamada a propuestas (resumen)<br \/>\n25\/08\/2019 \u00a0&#8211; Cierre llamada<br \/>\n07\/09\/2019 \u00a0&#8211; Informaci\u00f3n de resultados<br \/>\n25\/09\/2019 \u00a0&#8211; Env\u00edo de trabajos completos<br \/>\n01-03\/10\/2019 &#8211; 3er SiMIIER<\/p>\n<p style=\"text-align: justify;\">La Red MEIHAPER CYTED \u00a0(Microrredes El\u00e9ctricas H\u00edbridas con Alta Penetraci\u00f3n de Energ\u00edas Renovables) est\u00e1 integrada por m\u00e1s de 30 grupos de investigaci\u00f3n y empresas de 10 diferentes pa\u00edses (Argentina, Brasil, Chile, Colombia, Ecuador, Espa\u00f1a, M\u00e9xico, Per\u00fa, Portugal y Venezuela).<\/p>\n<p style=\"text-align: justify;\"><span style=\"text-decoration: underline;\">Formato<\/span>:<br \/>\nLas propuestas de trabajos podr\u00e1n estar escritas en espa\u00f1ol, portugu\u00e9s o ingl\u00e9s, en el formato exigido por la Revista IEEE Am\u00e9rica Latina (<a href=\"http:\/\/www.ewh.ieee.org\/reg\/9\/etrans\/esp\/info_autores.htm\">http:\/\/www.ewh.ieee.org\/reg\/9\/etrans\/esp\/info_autores.htm<\/a>).<\/p>\n<p style=\"text-align: justify;\"><span style=\"text-decoration: underline;\">Env\u00edo de Trabajos<\/span>:<br \/>\nLas propuestas deben ser enviadas a\u00a0<a href=\"mailto:simiier@meihaper.org\">simiier@meihaper.org<\/a>\u00a0y en el asunto debe decir: \u201cSiMIIER 2019 &lt;Nombre del Autor&gt;\u201d.<\/p>\n<p><span style=\"text-decoration: underline;\">COSTOS<\/span><br \/>\nInscripci\u00f3n al Simposio: SIN COSTO<br \/>\nDerecho a Publicaci\u00f3n: SIN COSTO<\/p>\n<p style=\"text-align: justify;\">Becas: se otorgar\u00e1n BECAS DE TRASLADO Y ALOJAMIENTO a los autores de las mejores propuestas, las que ser\u00e1n seleccionadas por el Comit\u00e9 SiMIIER 2019.<\/p>\n<p style=\"text-align: justify;\">El SiMIIER es un lugar de encuentro que tiene los siguientes objetivos:<\/p>\n<p style=\"text-align: justify;\">&#8211; Fomentar la integraci\u00f3n de la Comunidad Cient\u00edfica y Tecnol\u00f3gica Iberoamericana, promoviendo una agenda de prioridades compartidas para la regi\u00f3n.<\/p>\n<p style=\"text-align: justify;\">&#8211; Fortalecer la capacidad de desarrollo tecnol\u00f3gico de Iberoam\u00e9rica mediante la promoci\u00f3n de la investigaci\u00f3n cient\u00edfica conjunta, la transferencia de conocimientos y t\u00e9cnicas, y el intercambio de cient\u00edficos y tecn\u00f3logos entre grupos de I+D+i de los pa\u00edses miembros.<\/p>\n<p style=\"text-align: justify;\">&#8211; Promover la participaci\u00f3n de sectores empresariales de los pa\u00edses miembros interesados en los procesos de innovaci\u00f3n, en concordancia con las investigaciones y desarrollos tecnol\u00f3gicos de la Comunidad Cient\u00edfica y Tecnol\u00f3gica Iberoamericana.<\/p>\n<p style=\"text-align: justify;\">&#8211; Promover la participaci\u00f3n de los investigadores de la Regi\u00f3n en otros programas multilaterales de investigaci\u00f3n a trav\u00e9s de acuerdos espec\u00edficos.<\/p>\n<p style=\"text-align: justify;\">Lugares para visitar:<\/p>\n<p style=\"text-align: justify;\">Para todos los asistentes al SiMIIER 2019 que lo deseen, est\u00e1 incluida una visita al Parque Tecnol\u00f3gico Itaip\u00fa, a la Represa Hidroel\u00e9ctrica Itaip\u00fa (la mayor del mundo, 14 GW de potencia instalada con 20 generadores de 700MW) y a la Estaci\u00f3n de Transmisi\u00f3n de Furnas (3 l\u00edneas de 765kV en CA y 2 l\u00edneas de HVDC de \u00b1600kV CC y 6.300 GW nominales).<\/p>\n<p>Itaip\u00fa se encuentra a pocos kil\u00f3metros de la ciudad de Foz de Iguaz\u00fa, la mayor ciudad de la llamada \u201cTriple Frontera\u201d (Argentina, Brasil y Paraguay), distante 15 Km de la ciudad de Puerto Iguaz\u00fa\u00a0en\u00a0Argentina y\u00a012 Km de la Ciudad del Este, Paraguay, conectadas\u00a0por los\u00a0puentes internacionales Tancredo Neves\u00a0y de la Amistad, respectivamente.<\/p>\n<p style=\"text-align: justify;\">La mayor atracci\u00f3n tur\u00edstica de la regi\u00f3n es el internacionalmente conocido \u201cParque Iguaz\u00fa\u201d, donde se encuentran las Cataratas del Iguaz\u00fa, una de las \u201csiete maravillas naturales del mundo\u201d (<a href=\"https:\/\/es.wikipedia.org\/wiki\/Cataratas_del_Iguaz%C3%BA\">https:\/\/es.wikipedia.org\/wiki\/Cataratas_del_Iguaz%C3%BA<\/a>\u00a0).<\/p>\n","protected":false},"excerpt":{"rendered":"<p>El SiMIIER 2019 tendr\u00e1 lugar del 01 al 03 de octubre de 2019 en el Auditorio Milton Santos del Parque Tecnol\u00f3gico Itaip\u00fa (Foz do Iguaz\u00fa, Paran\u00e1 &#8211; Brasil), organizado por la Red MEIHAPER CYTED, con el patrocinio del Programa Iberoamericano de Ciencia y Tecnolog\u00eda para el Desarrollo (CYTED).<\/p>\n","protected":false},"author":6,"featured_media":0,"comment_status":"closed","ping_status":"closed","sticky":false,"template":"","format":"standard","meta":[],"categories":[5],"tags":[],"_links":{"self":[{"href":"https:\/\/www.facet.unt.edu.ar\/facetinforma\/wp-json\/wp\/v2\/posts\/18962"}],"collection":[{"href":"https:\/\/www.facet.unt.edu.ar\/facetinforma\/wp-json\/wp\/v2\/posts"}],"about":[{"href":"https:\/\/www.facet.unt.edu.ar\/facetinforma\/wp-json\/wp\/v2\/types\/post"}],"author":[{"embeddable":true,"href":"https:\/\/www.facet.unt.edu.ar\/facetinforma\/wp-json\/wp\/v2\/users\/6"}],"replies":[{"embeddable":true,"href":"https:\/\/www.facet.unt.edu.ar\/facetinforma\/wp-json\/wp\/v2\/comments?post=18962"}],"version-history":[{"count":2,"href":"https:\/\/www.facet.unt.edu.ar\/facetinforma\/wp-json\/wp\/v2\/posts\/18962\/revisions"}],"predecessor-version":[{"id":18969,"href":"https:\/\/www.facet.unt.edu.ar\/facetinforma\/wp-json\/wp\/v2\/posts\/18962\/revisions\/18969"}],"wp:attachment":[{"href":"https:\/\/www.facet.unt.edu.ar\/facetinforma\/wp-json\/wp\/v2\/media?parent=18962"}],"wp:term":[{"taxonomy":"category","embeddable":true,"href":"https:\/\/www.facet.unt.edu.ar\/facetinforma\/wp-json\/wp\/v2\/categories?post=18962"},{"taxonomy":"post_tag","embeddable":true,"href":"https:\/\/www.facet.unt.edu.ar\/facetinforma\/wp-json\/wp\/v2\/tags?post=18962"}],"curies":[{"name":"wp","href":"https:\/\/api.w.org\/{rel}","templated":true}]}}