{"id":1898,"date":"2012-09-25T15:30:39","date_gmt":"2012-09-25T15:30:39","guid":{"rendered":"http:\/\/www1.herrera.unt.edu.ar\/facetinforma\/?p=1898"},"modified":"2012-09-25T15:30:39","modified_gmt":"2012-09-25T15:30:39","slug":"programa-arfitec-2013-2014","status":"publish","type":"post","link":"https:\/\/www.facet.unt.edu.ar\/facetinforma\/2012\/09\/25\/programa-arfitec-2013-2014\/","title":{"rendered":"Programa ARFITEC 2013-2014"},"content":{"rendered":"<p style=\"text-align: center\"><a href=\"https:\/\/www.facet.unt.edu.ar\/facetinforma\/wp-content\/uploads\/sites\/9\/2012\/09\/header2.jpg\"><img decoding=\"async\" loading=\"lazy\" class=\"aligncenter size-full wp-image-1899\" title=\"header2\" src=\"https:\/\/www.facet.unt.edu.ar\/facetinforma\/wp-content\/uploads\/sites\/9\/2012\/09\/header2.jpg\" alt=\"\" width=\"575\" height=\"101\" srcset=\"https:\/\/www.facet.unt.edu.ar\/facetinforma\/wp-content\/uploads\/sites\/9\/2012\/09\/header2.jpg 575w, https:\/\/www.facet.unt.edu.ar\/facetinforma\/wp-content\/uploads\/sites\/9\/2012\/09\/header2-300x52.jpg 300w\" sizes=\"(max-width: 575px) 100vw, 575px\" \/><\/a><strong>Vencimiento 31 de Octubre<\/strong><\/p>\n<table style=\"width: 832px;height: 173px\" border=\"0\">\n<tbody>\n<tr>\n<td style=\"border-color: #ffffff;border-style: solid;border-width: 1px\"><a href=\"https:\/\/www.facet.unt.edu.ar\/facetinforma\/wp-content\/uploads\/sites\/9\/2012\/09\/Imagen-11.jpg\"><img decoding=\"async\" loading=\"lazy\" class=\"aligncenter size-thumbnail wp-image-1900\" title=\"Imagen 1\" src=\"https:\/\/www.facet.unt.edu.ar\/facetinforma\/wp-content\/uploads\/sites\/9\/2012\/09\/Imagen-11-150x150.jpg\" alt=\"\" width=\"150\" height=\"150\" srcset=\"https:\/\/www.facet.unt.edu.ar\/facetinforma\/wp-content\/uploads\/sites\/9\/2012\/09\/Imagen-11-150x150.jpg 150w, https:\/\/www.facet.unt.edu.ar\/facetinforma\/wp-content\/uploads\/sites\/9\/2012\/09\/Imagen-11.jpg 240w\" sizes=\"(max-width: 150px) 100vw, 150px\" \/><\/a><\/td>\n<td style=\"border-color: #ffffff;border-style: solid;border-width: 1px\"><a href=\"https:\/\/www.facet.unt.edu.ar\/facetinforma\/wp-content\/uploads\/sites\/9\/2012\/09\/Imagen-21.jpg\"><img decoding=\"async\" loading=\"lazy\" class=\"aligncenter size-thumbnail wp-image-1901\" title=\"Imagen 2\" src=\"https:\/\/www.facet.unt.edu.ar\/facetinforma\/wp-content\/uploads\/sites\/9\/2012\/09\/Imagen-21-150x150.jpg\" alt=\"\" width=\"150\" height=\"150\" \/><\/a><\/td>\n<td style=\"border-color: #ffffff;border-style: solid;border-width: 1px\"><a href=\"https:\/\/www.facet.unt.edu.ar\/facetinforma\/wp-content\/uploads\/sites\/9\/2012\/09\/Imagen-3.jpg\"><img decoding=\"async\" loading=\"lazy\" class=\"aligncenter size-thumbnail wp-image-1902\" title=\"Flag of France\" src=\"https:\/\/www.facet.unt.edu.ar\/facetinforma\/wp-content\/uploads\/sites\/9\/2012\/09\/Imagen-3-150x150.jpg\" alt=\"\" width=\"150\" height=\"150\" \/><\/a><\/td>\n<\/tr>\n<\/tbody>\n<\/table>\n<p style=\"text-align: justify\"><strong>El Ministerio de Ciencia, Tecnolog\u00eda e Innovaci\u00f3n Productiva, a trav\u00e9s de su Direcci\u00f3n Nacional de Relaciones Internacionales, convoca a la presentaci\u00f3n de proyectos que propicien la movilidad de estudiantes y de docentes-investigadores de Argentina y Francia.<br \/> El Programa &#8220;Argentina Francia Ingenieros Tecnolog\u00eda&#8221; (ARFITEC) surge tras la Carta de Intenci\u00f3n firmada por Argentina y Francia el 13 de julio de 2007. Est\u00e1 orientado a promover la formaci\u00f3n de ingenieros a trav\u00e9s de proyectos de asociaci\u00f3n entre las instituciones de ense\u00f1anza superior de ambos pa\u00edses.<\/strong><\/p>\n<p style=\"text-align: justify\"><strong>Objetivos:<\/strong><br \/>El Programa ARFITEC se propone:<br \/> &#8211; Fomentar y consolidar v\u00ednculos de cooperaci\u00f3n durables entre las instituciones de ense\u00f1anza superior argentinas y francesas responsables de la formaci\u00f3n de ingenieros de ambos pa\u00edses.<br \/> &#8211; Impulsar la constituci\u00f3n de redes universitarias que garanticen la durabilidad de las acciones, el reconocimiento acad\u00e9mico y la confianza de ambas partes, la transferencia de tecnolog\u00edas, la innovaci\u00f3n y la investigaci\u00f3n.<br \/> &#8211; Promover la movilidad de estudiantes y docentes-investigadores para favorecer el reconocimiento rec\u00edproco de los per\u00edodos de estudio e inclusive de los diplomas, posibilitando la apertura profesional de los graduados.<br \/>&#8211; Facilitar las condiciones para el desarrollo de programas acad\u00e9micos de doble titulaci\u00f3n.<br \/> &#8211; Organizar un Foro anual (alternativamente en Francia y en Argentina) que re\u00fana a los responsables de la implementaci\u00f3n de los proyectos.<\/p>\n<p style=\"text-align: justify\"><strong>Beneficiarios:<\/strong><br \/>En Argentina, los establecimientos elegibles son: Universidades nacionales que ofrezcan carreras de grado de Ingenier\u00eda, cuyo t\u00edtulo tenga validez nacional reconocida por el Ministerio de Educaci\u00f3n y acreditaci\u00f3n vigente.<\/p>\n<p style=\"text-align: justify\"><strong>Presentaci\u00f3n de los proyectos:<\/strong><br \/>Por v\u00eda electr\u00f3nica a:\u00a0<a href=\"mailto:%22arfitec@me.gov.ar%22\" target=\"_blank\">arfitec@me.gov.ar<\/a>\u00a0(Secretar\u00eda ARFITEC en Argentina). Cada env\u00edo no podr\u00e1 superar los 4 MB.<br \/> Por v\u00eda postal: Las cartas de aval de las instituciones argentinas (originales) y toda la documentaci\u00f3n (en soporte digital) a: Programa de Internacionalizaci\u00f3n de la Educaci\u00f3n Superior y Cooperaci\u00f3n Internacional Secretar\u00eda de Pol\u00edticas Universitarias, Ministerio de Educaci\u00f3n. Pizzurno 935, 2\u00b0 Piso, Oficina 216. 1020 C.A.B.A, Argentina.<br \/> La convocatoria permanecer\u00e1 abierta hasta el\u00a0<strong>31 de octubre de 2012.<\/strong><\/p>\n<p><strong>Archivos adjuntos:<\/strong><br \/>&#8211; <a href=\"https:\/\/www.facet.unt.edu.ar\/facetinforma\/wp-content\/uploads\/sites\/9\/2012\/09\/Bases_3_convocatoria_ARFITEC.pdf\" target=\"_blank\">Bases de la convocatoria.pdf<\/a><br \/> &#8211; <a href=\"http:\/\/www1.herrera.unt.edu.ar\/facetinforma\/wp-content\/uploads\/2012\/09\/ANEXO_I_-_Formulario_presentaciyn_2013-3014.doc\" target=\"_blank\">Formulario.doc<\/a><\/p>\n<p><strong><span style=\"text-decoration: underline\">CONTACTOS:<\/span><\/strong><br \/>Unidad de Negocios &#8211; UVT &#8211; UNT &#8211; Tel: 0381 &#8211; 4005424 \/ 4004617 \/ 0810-222-6254<br \/> \u00c1REA PROYECTOS &#8211; INTERNOS 111\/113 &#8211; 101 Mesa de Entradas &#8211; 104 Auditor\u00edas de Instalaciones de<br \/>Dep\u00f3sitos de Hidrocarburos &#8211; 105 y 107 Tesorer\u00eda &#8211; 109 y 110 Administraci\u00f3n.<br \/> San Mart\u00edn 839 &#8211; 3\u00ba Piso &#8211; Of. C &#8211; San Miguel de Tucum\u00e1n &#8211; CP 4000<br \/> <a href=\"mailto:infoune@rectorado.unt.edu.ar\" target=\"_blank\">infoune@rectorado.unt.edu.ar<\/a> &#8211; <a href=\"http:\/\/www.une.unt.edu.ar\" target=\"_blank\">www.une.unt.edu.ar<\/a><\/p>\n","protected":false},"excerpt":{"rendered":"<p>Vencimiento 31 de Octubre El Ministerio de Ciencia, Tecnolog\u00eda e Innovaci\u00f3n Productiva, a trav\u00e9s de su Direcci\u00f3n Nacional de Relaciones Internacionales, convoca a la presentaci\u00f3n de proyectos que propicien la movilidad de estudiantes y de docentes-investigadores de Argentina y Francia. El Programa &#8220;Argentina Francia Ingenieros Tecnolog\u00eda&#8221; (ARFITEC) surge tras la Carta de Intenci\u00f3n firmada por [&hellip;]<\/p>\n","protected":false},"author":6,"featured_media":0,"comment_status":"closed","ping_status":"open","sticky":false,"template":"","format":"standard","meta":[],"categories":[5],"tags":[],"_links":{"self":[{"href":"https:\/\/www.facet.unt.edu.ar\/facetinforma\/wp-json\/wp\/v2\/posts\/1898"}],"collection":[{"href":"https:\/\/www.facet.unt.edu.ar\/facetinforma\/wp-json\/wp\/v2\/posts"}],"about":[{"href":"https:\/\/www.facet.unt.edu.ar\/facetinforma\/wp-json\/wp\/v2\/types\/post"}],"author":[{"embeddable":true,"href":"https:\/\/www.facet.unt.edu.ar\/facetinforma\/wp-json\/wp\/v2\/users\/6"}],"replies":[{"embeddable":true,"href":"https:\/\/www.facet.unt.edu.ar\/facetinforma\/wp-json\/wp\/v2\/comments?post=1898"}],"version-history":[{"count":0,"href":"https:\/\/www.facet.unt.edu.ar\/facetinforma\/wp-json\/wp\/v2\/posts\/1898\/revisions"}],"wp:attachment":[{"href":"https:\/\/www.facet.unt.edu.ar\/facetinforma\/wp-json\/wp\/v2\/media?parent=1898"}],"wp:term":[{"taxonomy":"category","embeddable":true,"href":"https:\/\/www.facet.unt.edu.ar\/facetinforma\/wp-json\/wp\/v2\/categories?post=1898"},{"taxonomy":"post_tag","embeddable":true,"href":"https:\/\/www.facet.unt.edu.ar\/facetinforma\/wp-json\/wp\/v2\/tags?post=1898"}],"curies":[{"name":"wp","href":"https:\/\/api.w.org\/{rel}","templated":true}]}}