{"id":19098,"date":"2019-08-27T17:41:09","date_gmt":"2019-08-27T20:41:09","guid":{"rendered":"https:\/\/www.facet.unt.edu.ar\/facetinforma\/?p=19098"},"modified":"2019-08-27T19:45:47","modified_gmt":"2019-08-27T22:45:47","slug":"convocatoria-beca-internacional-oea-diploma-en-ingenieria-para-el-tratamiento-de-aguas-especiales","status":"publish","type":"post","link":"https:\/\/www.facet.unt.edu.ar\/facetinforma\/2019\/08\/27\/convocatoria-beca-internacional-oea-diploma-en-ingenieria-para-el-tratamiento-de-aguas-especiales\/","title":{"rendered":"Convocatoria Beca Internacional OEA &#8211; Diploma en Ingenier\u00eda para el tratamiento de Aguas Especiales"},"content":{"rendered":"<p style=\"text-align: justify;\">El \u00c1rea de Relaciones Internacionales de la FACET informa que el curso de <strong>Ingenier\u00eda para el Tratamiento de Aguas Especiales<\/strong> se llevar\u00e1 a cabo a distancia (online) del <strong>21 de octubre de 2019 al 22 de abril de 2020<\/strong> (26 semanas). Ser\u00e1 dictado en espa\u00f1ol y tendr\u00e1 una carga de 22 horas semanales. <!--more--><\/p>\n<p style=\"text-align: justify;\">La presente edici\u00f3n del curso es una modesta contribuci\u00f3n al conocimiento, que en la actualidad se hace imprescindible contar, al realizar acciones con vistas a evaluar, dise\u00f1ar o hacer m\u00e1s eficientes las tecnolog\u00edas de intercambio i\u00f3nico y membranas cada vez m\u00e1s presentes en los sistemas de tratamiento de agua.<\/p>\n<p><a href=\"https:\/\/www.facet.unt.edu.ar\/facetinforma\/wp-content\/uploads\/sites\/9\/2019\/08\/Becas-Internacionales-OEA.jpeg\"><img decoding=\"async\" loading=\"lazy\" class=\"aligncenter wp-image-19099\" src=\"https:\/\/www.facet.unt.edu.ar\/facetinforma\/wp-content\/uploads\/sites\/9\/2019\/08\/Becas-Internacionales-OEA.jpeg\" alt=\"\" width=\"458\" height=\"458\" srcset=\"https:\/\/www.facet.unt.edu.ar\/facetinforma\/wp-content\/uploads\/sites\/9\/2019\/08\/Becas-Internacionales-OEA.jpeg 1024w, https:\/\/www.facet.unt.edu.ar\/facetinforma\/wp-content\/uploads\/sites\/9\/2019\/08\/Becas-Internacionales-OEA-150x150.jpeg 150w, https:\/\/www.facet.unt.edu.ar\/facetinforma\/wp-content\/uploads\/sites\/9\/2019\/08\/Becas-Internacionales-OEA-300x300.jpeg 300w, https:\/\/www.facet.unt.edu.ar\/facetinforma\/wp-content\/uploads\/sites\/9\/2019\/08\/Becas-Internacionales-OEA-768x768.jpeg 768w\" sizes=\"(max-width: 458px) 100vw, 458px\" \/><\/a><\/p>\n<p style=\"text-align: justify;\">La variante de estructura del curso est\u00e1 dedicado por separado, a todo lo existente y actualizado del trabajo con resinas de intercambio y con la osmosis inversa, contribuyendo as\u00ed a la actualizaci\u00f3n de conocimientos sobre las tecnolog\u00edas que se est\u00e1n desarrollando actualmente para el tratamiento de aguas aplicadas al campo industrial y que tienen como finalidad de dotar a las empresas\u00a0 latinoamericanas de una plataforma de t\u00e9cnicos capaces de dise\u00f1ar, explotar y optimizar sus sistemas de tratamiento y tecnolog\u00edas para el tratamiento del agua en general, para consumo humano como tecnolog\u00eda para obtener agua potable a partir de agua de mar o incluso agua salobre con presencia cada vez mayor en nuestra regi\u00f3n, agua para uso industrial y las aguas residuales.<\/p>\n<p style=\"text-align: justify;\"><u>Cierre de la Convocatoria:<\/u> <strong>17 de septiembre de 2019.<\/strong><\/p>\n<p style=\"text-align: justify;\">M\u00e1s informaci\u00f3n en: <a href=\"http:\/\/www.oas.org\/en\/scholarships\/pdsp\/2019\/Anuncio_OEA_FONDO%20VERDE_2019.pdf\" target=\"_blank\" rel=\"noopener noreferrer\">http:\/\/www.oas.org\/en\/scholarships\/pdsp\/2019\/Anuncio_OEA_FONDO%20VERDE_2019.pdf<\/a><\/p>\n","protected":false},"excerpt":{"rendered":"<p>El \u00c1rea de Relaciones Internacionales de la FACET informa que el curso de Ingenier\u00eda para el Tratamiento de Aguas Especiales se llevar\u00e1 a cabo a distancia (online) del 21 de octubre de 2019 al 22 de abril de 2020 (26 semanas). Ser\u00e1 dictado en espa\u00f1ol y tendr\u00e1 una carga de 22 horas semanales.<\/p>\n","protected":false},"author":6,"featured_media":0,"comment_status":"closed","ping_status":"closed","sticky":false,"template":"","format":"standard","meta":[],"categories":[3,5],"tags":[],"_links":{"self":[{"href":"https:\/\/www.facet.unt.edu.ar\/facetinforma\/wp-json\/wp\/v2\/posts\/19098"}],"collection":[{"href":"https:\/\/www.facet.unt.edu.ar\/facetinforma\/wp-json\/wp\/v2\/posts"}],"about":[{"href":"https:\/\/www.facet.unt.edu.ar\/facetinforma\/wp-json\/wp\/v2\/types\/post"}],"author":[{"embeddable":true,"href":"https:\/\/www.facet.unt.edu.ar\/facetinforma\/wp-json\/wp\/v2\/users\/6"}],"replies":[{"embeddable":true,"href":"https:\/\/www.facet.unt.edu.ar\/facetinforma\/wp-json\/wp\/v2\/comments?post=19098"}],"version-history":[{"count":2,"href":"https:\/\/www.facet.unt.edu.ar\/facetinforma\/wp-json\/wp\/v2\/posts\/19098\/revisions"}],"predecessor-version":[{"id":19104,"href":"https:\/\/www.facet.unt.edu.ar\/facetinforma\/wp-json\/wp\/v2\/posts\/19098\/revisions\/19104"}],"wp:attachment":[{"href":"https:\/\/www.facet.unt.edu.ar\/facetinforma\/wp-json\/wp\/v2\/media?parent=19098"}],"wp:term":[{"taxonomy":"category","embeddable":true,"href":"https:\/\/www.facet.unt.edu.ar\/facetinforma\/wp-json\/wp\/v2\/categories?post=19098"},{"taxonomy":"post_tag","embeddable":true,"href":"https:\/\/www.facet.unt.edu.ar\/facetinforma\/wp-json\/wp\/v2\/tags?post=19098"}],"curies":[{"name":"wp","href":"https:\/\/api.w.org\/{rel}","templated":true}]}}