{"id":19118,"date":"2019-08-29T20:33:17","date_gmt":"2019-08-29T23:33:17","guid":{"rendered":"https:\/\/www.facet.unt.edu.ar\/facetinforma\/?p=19118"},"modified":"2019-08-29T20:43:18","modified_gmt":"2019-08-29T23:43:18","slug":"convocatoria-proyectos-idi-entre-argentina-e-israel","status":"publish","type":"post","link":"https:\/\/www.facet.unt.edu.ar\/facetinforma\/2019\/08\/29\/convocatoria-proyectos-idi-entre-argentina-e-israel\/","title":{"rendered":"Convocatoria Proyectos I+D+i entre Argentina e Israel"},"content":{"rendered":"<p style=\"text-align: justify;\"><strong>Argentina e Israel lanzan una convocatoria para proyectos conjuntos de I+D+i de EUREKA. <\/strong><!--more--><\/p>\n<p style=\"text-align: justify;\">Israel y Argentina se complacen en anunciar el llamado para propuestas de proyectos industriales conjuntos de I+D con eje en el desarrollo de productos, procesos o servicios de base tecnol\u00f3gica que sean innovadores, en todas las \u00e1reas tecnol\u00f3gicas y de aplicaci\u00f3n, con fuerte potencial de mercado.<\/p>\n<p style=\"text-align: justify;\">La convocatoria est\u00e1 destinada a consorcios de empresas que deben incluir, como m\u00ednimo, dos empresas independientes, una de la Argentina (PyME) y otra de Israel, que contribuyan en forma considerable al proyecto. Se acepta la participaci\u00f3n de institutos de investigaci\u00f3n y de otras empresas en calidad de participantes adicionales o subcontratistas seg\u00fan las normas de financiaci\u00f3n de cada pa\u00eds.<\/p>\n<p style=\"text-align: justify;\"><span style=\"text-decoration: underline;\">Modalidad de presentaci\u00f3n<\/span>:<br \/>\nEn el caso de las empresas argentinas, la presentaci\u00f3n se podr\u00e1 realizar on-line en este sitio, y se deber\u00e1 adjuntar la siguiente documentaci\u00f3n:<br \/>\n1- Formulario para la presentaci\u00f3n de propuestas (Ideas Proyecto), preparado conjuntamente, en ingl\u00e9s, debidamente firmado por todos los socios.<br \/>\n2- Proyecto de acuerdo de cooperaci\u00f3n que regule los t\u00e9rminos de la cooperaci\u00f3n.<br \/>\n3- Presupuesto preliminar con los gastos vinculados al proyecto de las empresas argentinas.<br \/>\n4- Versi\u00f3n en castellano de los documentos mencionados en los puntos 1.<br \/>\n<strong>IMPORTANTE:<\/strong>\u00a0<strong>Cada socio interesado debe contactar a su autoridad local lo antes posible, previo a presentar la solicitud de proyecto conjunto.<\/strong><br \/>\nEn Argentina es obligatoria la presentaci\u00f3n de las Ideas Proyectos hasta el <strong>12\/12\/2019<\/strong>.<\/p>\n<p style=\"text-align: justify;\"><span style=\"text-decoration: underline;\">Bases y condiciones<\/span>: <a href=\"https:\/\/mia.gob.ar\/internacional\/israel\/terminos\">https:\/\/mia.gob.ar\/internacional\/israel\/terminos<\/a><\/p>\n<p><a href=\"https:\/\/mia.gob.ar\/login\" target=\"_blank\" rel=\"noopener noreferrer\"><img decoding=\"async\" loading=\"lazy\" class=\"aligncenter wp-image-19116\" src=\"https:\/\/www.facet.unt.edu.ar\/facetinforma\/wp-content\/uploads\/sites\/9\/2019\/08\/eureka.jpg\" alt=\"\" width=\"547\" height=\"276\" srcset=\"https:\/\/www.facet.unt.edu.ar\/facetinforma\/wp-content\/uploads\/sites\/9\/2019\/08\/eureka.jpg 1011w, https:\/\/www.facet.unt.edu.ar\/facetinforma\/wp-content\/uploads\/sites\/9\/2019\/08\/eureka-300x152.jpg 300w, https:\/\/www.facet.unt.edu.ar\/facetinforma\/wp-content\/uploads\/sites\/9\/2019\/08\/eureka-768x388.jpg 768w\" sizes=\"(max-width: 547px) 100vw, 547px\" \/><\/a><\/p>\n<p style=\"text-align: justify;\"><span style=\"text-decoration: underline;\">Otra informaci\u00f3n<\/span>:<br \/>\nLos participantes de Israel y Argentina con Ideas Proyectos aprobadas financiar\u00e1n sus costos mediante sus reg\u00edmenes nacionales de financiaci\u00f3n respectivos.<br \/>\nLas empresas argentinas podr\u00e1n presentar el proyecto para su financiaci\u00f3n en la ventanilla permanente ANR 4800 INT del Fontar (<a href=\"http:\/\/www.agencia.mincyt.gob.ar\/frontend\/agencia\/convocatoria\/391\">http:\/\/www.agencia.mincyt.gob.ar\/frontend\/agencia\/convocatoria\/391<\/a>) que consiste en Aportes No reembolsables, hasta $ 4.800.000 y que pueden cubrir hasta el 80% de las gastos elegibles.<\/p>\n","protected":false},"excerpt":{"rendered":"<p>Argentina e Israel lanzan una convocatoria para proyectos conjuntos de I+D+i de EUREKA.<\/p>\n","protected":false},"author":6,"featured_media":0,"comment_status":"closed","ping_status":"closed","sticky":false,"template":"","format":"standard","meta":[],"categories":[5],"tags":[],"_links":{"self":[{"href":"https:\/\/www.facet.unt.edu.ar\/facetinforma\/wp-json\/wp\/v2\/posts\/19118"}],"collection":[{"href":"https:\/\/www.facet.unt.edu.ar\/facetinforma\/wp-json\/wp\/v2\/posts"}],"about":[{"href":"https:\/\/www.facet.unt.edu.ar\/facetinforma\/wp-json\/wp\/v2\/types\/post"}],"author":[{"embeddable":true,"href":"https:\/\/www.facet.unt.edu.ar\/facetinforma\/wp-json\/wp\/v2\/users\/6"}],"replies":[{"embeddable":true,"href":"https:\/\/www.facet.unt.edu.ar\/facetinforma\/wp-json\/wp\/v2\/comments?post=19118"}],"version-history":[{"count":5,"href":"https:\/\/www.facet.unt.edu.ar\/facetinforma\/wp-json\/wp\/v2\/posts\/19118\/revisions"}],"predecessor-version":[{"id":19128,"href":"https:\/\/www.facet.unt.edu.ar\/facetinforma\/wp-json\/wp\/v2\/posts\/19118\/revisions\/19128"}],"wp:attachment":[{"href":"https:\/\/www.facet.unt.edu.ar\/facetinforma\/wp-json\/wp\/v2\/media?parent=19118"}],"wp:term":[{"taxonomy":"category","embeddable":true,"href":"https:\/\/www.facet.unt.edu.ar\/facetinforma\/wp-json\/wp\/v2\/categories?post=19118"},{"taxonomy":"post_tag","embeddable":true,"href":"https:\/\/www.facet.unt.edu.ar\/facetinforma\/wp-json\/wp\/v2\/tags?post=19118"}],"curies":[{"name":"wp","href":"https:\/\/api.w.org\/{rel}","templated":true}]}}