{"id":19132,"date":"2019-08-30T12:45:41","date_gmt":"2019-08-30T15:45:41","guid":{"rendered":"https:\/\/www.facet.unt.edu.ar\/facetinforma\/?p=19132"},"modified":"2019-08-30T12:53:42","modified_gmt":"2019-08-30T15:53:42","slug":"cursos-en-linea-gestion-del-espectro-radioelectrico","status":"publish","type":"post","link":"https:\/\/www.facet.unt.edu.ar\/facetinforma\/2019\/08\/30\/cursos-en-linea-gestion-del-espectro-radioelectrico\/","title":{"rendered":"Cursos en l\u00ednea \u201cGesti\u00f3n del Espectro Radioel\u00e9ctrico\u201d"},"content":{"rendered":"<p style=\"text-align: justify;\">La Uni\u00f3n Internacional de Telecomunicaciones (UIT) invita a participar de los siguientes cursos en l\u00ednea que forman parte del Programa en Gesti\u00f3n del Espectro Radioel\u00e9ctrico:<!--more--><\/p>\n<ul style=\"text-align: justify;\">\n<li>M\u00f3dulo 1: Bases Legales y Marco Regulatorio: del 02 al 27\/09\/2019<\/li>\n<li>M\u00f3dulo 2: Fundamentos de Ingenier\u00eda de Espectro: del 07\/10 al 01\/11\/2019<\/li>\n<li>M\u00f3dulo 3: Tecnolog\u00edas de Comunicaciones Inal\u00e1mbricas: del 11\/11 al 06\/12\/2019<\/li>\n<\/ul>\n<p style=\"text-align: justify;\">Estos cursos son sin costo de participaci\u00f3n y est\u00e1n dirigidos a personal del Gobierno que trabaje en Gesti\u00f3n del Espectro.<\/p>\n<p style=\"text-align: justify;\">Para m\u00e1s informaci\u00f3n de los cursos, ingrese <a href=\"https:\/\/academy.itu.int\/sites\/default\/files\/media2\/file\/Training%20Outline%20Programa%20de%20Entrenamiento%20en%20Gesti%C3%B3n%20del%20Espectro%20-%202nd%20edition.pdf\" target=\"_blank\" rel=\"noopener noreferrer\">aqu\u00ed<\/a>.<\/p>\n<p><a href=\"https:\/\/www.facet.unt.edu.ar\/facetinforma\/wp-content\/uploads\/sites\/9\/2019\/08\/cursos-en-linea-uit.jpg\"><img decoding=\"async\" loading=\"lazy\" class=\"aligncenter size-full wp-image-19135\" src=\"https:\/\/www.facet.unt.edu.ar\/facetinforma\/wp-content\/uploads\/sites\/9\/2019\/08\/cursos-en-linea-uit.jpg\" alt=\"\" width=\"529\" height=\"211\" srcset=\"https:\/\/www.facet.unt.edu.ar\/facetinforma\/wp-content\/uploads\/sites\/9\/2019\/08\/cursos-en-linea-uit.jpg 529w, https:\/\/www.facet.unt.edu.ar\/facetinforma\/wp-content\/uploads\/sites\/9\/2019\/08\/cursos-en-linea-uit-300x120.jpg 300w\" sizes=\"(max-width: 529px) 100vw, 529px\" \/><\/a><\/p>\n","protected":false},"excerpt":{"rendered":"<p>La Uni\u00f3n Internacional de Telecomunicaciones (UIT) invita a participar de los siguientes cursos en l\u00ednea que forman parte del Programa en Gesti\u00f3n del Espectro Radioel\u00e9ctrico:<\/p>\n","protected":false},"author":6,"featured_media":0,"comment_status":"closed","ping_status":"closed","sticky":false,"template":"","format":"standard","meta":[],"categories":[5],"tags":[],"_links":{"self":[{"href":"https:\/\/www.facet.unt.edu.ar\/facetinforma\/wp-json\/wp\/v2\/posts\/19132"}],"collection":[{"href":"https:\/\/www.facet.unt.edu.ar\/facetinforma\/wp-json\/wp\/v2\/posts"}],"about":[{"href":"https:\/\/www.facet.unt.edu.ar\/facetinforma\/wp-json\/wp\/v2\/types\/post"}],"author":[{"embeddable":true,"href":"https:\/\/www.facet.unt.edu.ar\/facetinforma\/wp-json\/wp\/v2\/users\/6"}],"replies":[{"embeddable":true,"href":"https:\/\/www.facet.unt.edu.ar\/facetinforma\/wp-json\/wp\/v2\/comments?post=19132"}],"version-history":[{"count":6,"href":"https:\/\/www.facet.unt.edu.ar\/facetinforma\/wp-json\/wp\/v2\/posts\/19132\/revisions"}],"predecessor-version":[{"id":19139,"href":"https:\/\/www.facet.unt.edu.ar\/facetinforma\/wp-json\/wp\/v2\/posts\/19132\/revisions\/19139"}],"wp:attachment":[{"href":"https:\/\/www.facet.unt.edu.ar\/facetinforma\/wp-json\/wp\/v2\/media?parent=19132"}],"wp:term":[{"taxonomy":"category","embeddable":true,"href":"https:\/\/www.facet.unt.edu.ar\/facetinforma\/wp-json\/wp\/v2\/categories?post=19132"},{"taxonomy":"post_tag","embeddable":true,"href":"https:\/\/www.facet.unt.edu.ar\/facetinforma\/wp-json\/wp\/v2\/tags?post=19132"}],"curies":[{"name":"wp","href":"https:\/\/api.w.org\/{rel}","templated":true}]}}