{"id":19155,"date":"2019-09-02T19:45:08","date_gmt":"2019-09-02T22:45:08","guid":{"rendered":"https:\/\/www.facet.unt.edu.ar\/facetinforma\/?p=19155"},"modified":"2019-09-02T19:45:49","modified_gmt":"2019-09-02T22:45:49","slug":"convocatoria-consultoria-internacional-energias-renovables","status":"publish","type":"post","link":"https:\/\/www.facet.unt.edu.ar\/facetinforma\/2019\/09\/02\/convocatoria-consultoria-internacional-energias-renovables\/","title":{"rendered":"Convocatoria Consultor\u00eda Internacional &#8211; Energ\u00edas Renovables"},"content":{"rendered":"<p style=\"text-align: justify;\">La Fundaci\u00f3n Bariloche, en el marco del Proyecto \u201cMecanismos y Redes de Transferencia de Tecnolog\u00edas Relacionadas con el Cambio Clim\u00e1tico en Am\u00e9rica Latina y el Caribe\u201d, pone a disposici\u00f3n de interesados el llamado a Consultor\u00eda Internacional para realizar el estudio denominado: <strong>\u201cEvaluaci\u00f3n de sistemas solares fotovoltaicos aislados y sus esquemas de sostenibilidad\u201d<\/strong>, con el fin de mejorar la construcci\u00f3n de pol\u00edticas y planes para el acceso a la energ\u00eda en Colombia. <!--more--><\/p>\n<p style=\"text-align: justify;\">Las ofertas ser\u00e1n recibidas hasta el d\u00eda <strong>1\u00ba de Octubre de 2019<\/strong>, a las <strong>15:00 hs<\/strong>.<\/p>\n<p style=\"text-align: justify;\">Los objetivos espec\u00edficos de la convocatoria son:<\/p>\n<ol style=\"text-align: justify;\">\n<li>Evaluar la operaci\u00f3n t\u00e9cnica de un conjunto seleccionado de proyectos solares aislados y sus esquemas de sostenibilidad;<\/li>\n<li>Analizar brechas y fortalezas de los esquemas de sostenibilidad identificados;<\/li>\n<li>Identificar lecciones aprendidas de las intervenciones;<\/li>\n<li>Oportunidades de mejora por proyecto;<\/li>\n<li>Proponer un portafolio de recomendaciones a la pol\u00edtica de expansi\u00f3n de cobertura de energ\u00eda.<\/li>\n<\/ol>\n<p style=\"text-align: justify;\">Los T\u00e9rminos de Referencia de los procesos pueden ser consultados en el siguiente link: <a href=\"http:\/\/fundacionbariloche.org.ar\/wp-content\/uploads\/2019\/04\/Termino-de-Referencia-Evualuaci%C3%B3n-de-SFVs-aislados-Colombia-UPME.pdf\" target=\"_blank\" rel=\"noopener noreferrer\">http:\/\/fundacionbariloche.org.ar\/wp-content\/uploads\/2019\/04\/Termino-de-Referencia-Evualuaci%C3%B3n-de-SFVs-aislados-Colombia-UPME.pdf<\/a><\/p>\n","protected":false},"excerpt":{"rendered":"<p>La Fundaci\u00f3n Bariloche, en el marco del Proyecto \u201cMecanismos y Redes de Transferencia de Tecnolog\u00edas Relacionadas con el Cambio Clim\u00e1tico en Am\u00e9rica Latina y el Caribe\u201d, pone a disposici\u00f3n de interesados el llamado a Consultor\u00eda Internacional para realizar el estudio denominado: \u201cEvaluaci\u00f3n de sistemas solares fotovoltaicos aislados y sus esquemas de sostenibilidad\u201d, con el fin [&hellip;]<\/p>\n","protected":false},"author":6,"featured_media":0,"comment_status":"closed","ping_status":"closed","sticky":false,"template":"","format":"standard","meta":[],"categories":[5],"tags":[],"_links":{"self":[{"href":"https:\/\/www.facet.unt.edu.ar\/facetinforma\/wp-json\/wp\/v2\/posts\/19155"}],"collection":[{"href":"https:\/\/www.facet.unt.edu.ar\/facetinforma\/wp-json\/wp\/v2\/posts"}],"about":[{"href":"https:\/\/www.facet.unt.edu.ar\/facetinforma\/wp-json\/wp\/v2\/types\/post"}],"author":[{"embeddable":true,"href":"https:\/\/www.facet.unt.edu.ar\/facetinforma\/wp-json\/wp\/v2\/users\/6"}],"replies":[{"embeddable":true,"href":"https:\/\/www.facet.unt.edu.ar\/facetinforma\/wp-json\/wp\/v2\/comments?post=19155"}],"version-history":[{"count":2,"href":"https:\/\/www.facet.unt.edu.ar\/facetinforma\/wp-json\/wp\/v2\/posts\/19155\/revisions"}],"predecessor-version":[{"id":19157,"href":"https:\/\/www.facet.unt.edu.ar\/facetinforma\/wp-json\/wp\/v2\/posts\/19155\/revisions\/19157"}],"wp:attachment":[{"href":"https:\/\/www.facet.unt.edu.ar\/facetinforma\/wp-json\/wp\/v2\/media?parent=19155"}],"wp:term":[{"taxonomy":"category","embeddable":true,"href":"https:\/\/www.facet.unt.edu.ar\/facetinforma\/wp-json\/wp\/v2\/categories?post=19155"},{"taxonomy":"post_tag","embeddable":true,"href":"https:\/\/www.facet.unt.edu.ar\/facetinforma\/wp-json\/wp\/v2\/tags?post=19155"}],"curies":[{"name":"wp","href":"https:\/\/api.w.org\/{rel}","templated":true}]}}