{"id":19175,"date":"2019-09-03T16:11:34","date_gmt":"2019-09-03T19:11:34","guid":{"rendered":"https:\/\/www.facet.unt.edu.ar\/facetinforma\/?p=19175"},"modified":"2019-09-03T16:46:55","modified_gmt":"2019-09-03T19:46:55","slug":"jornada-el-desafio-de-emprender-inspiracion-y-accion","status":"publish","type":"post","link":"https:\/\/www.facet.unt.edu.ar\/facetinforma\/2019\/09\/03\/jornada-el-desafio-de-emprender-inspiracion-y-accion\/","title":{"rendered":"Jornada &#8220;El Desaf\u00edo de Emprender: Inspiraci\u00f3n y Acci\u00f3n&#8221;"},"content":{"rendered":"<p style=\"text-align: justify;\">La Unidad de Vinculaci\u00f3n Tecnol\u00f3gica de la UNT invita a la comunidad universitaria a participar de la Jornada &#8220;El Desaf\u00edo de Emprender: Inspiraci\u00f3n y Acci\u00f3n&#8221; que se llevar\u00e1 a cabo el d\u00eda 12 de Septiembre, de 9:00 a 18:30 hs, en la Facultad de Ciencias Econ\u00f3micas de la UNT.<!--more--><\/p>\n<p style=\"text-align: justify;\">Esta Jornada se incluye dentro de un n\u00famero de actividades que la UVT desarrolla en el marco del proyecto &#8220;UNT Emprendedora&#8221; correspondiente a la Convocatoria &#8220;Universidades Emprendedoras&#8221; de la Secretaria de Pol\u00edticas Universitarias de la Naci\u00f3n y en concordancia con la Semana del Emprendedor Tecnol\u00f3gico 2019.<\/p>\n<p style=\"text-align: justify;\">Est\u00e1 dirigida a alumnos de todas las Unidades Acad\u00e9micas y \u00faltimos a\u00f1os de las Escuelas Experimentales as\u00ed como tambi\u00e9n a la comunidad universitaria y p\u00fablico en general.<\/p>\n<p style=\"text-align: justify;\">La jornada es gratuita, con inscripci\u00f3n previa.<\/p>\n<p style=\"text-align: justify;\">Link de inscripci\u00f3n: <a href=\"https:\/\/docs.google.com\/forms\/d\/e\/1FAIpQLScSXNs4o_2rEhf0FvBVzhl2O5DHiBad9mZm0z0mMwohDU1Nhw\/viewform?usp=sf_link\">https:\/\/docs.google.com\/forms\/d\/e\/1FAIpQLScSXNs4o_2rEhf0FvBVzhl2O5DHiBad9mZm0z0mMwohDU1Nhw\/viewform?usp=sf_link<\/a><\/p>\n<p><a href=\"https:\/\/www.facet.unt.edu.ar\/facetinforma\/wp-content\/uploads\/sites\/9\/2019\/09\/jornada-cs-ec.png\"><img decoding=\"async\" loading=\"lazy\" class=\"aligncenter wp-image-19176\" src=\"https:\/\/www.facet.unt.edu.ar\/facetinforma\/wp-content\/uploads\/sites\/9\/2019\/09\/jornada-cs-ec-728x1024.png\" alt=\"\" width=\"458\" height=\"644\" srcset=\"https:\/\/www.facet.unt.edu.ar\/facetinforma\/wp-content\/uploads\/sites\/9\/2019\/09\/jornada-cs-ec-728x1024.png 728w, https:\/\/www.facet.unt.edu.ar\/facetinforma\/wp-content\/uploads\/sites\/9\/2019\/09\/jornada-cs-ec-213x300.png 213w, https:\/\/www.facet.unt.edu.ar\/facetinforma\/wp-content\/uploads\/sites\/9\/2019\/09\/jornada-cs-ec-768x1080.png 768w, https:\/\/www.facet.unt.edu.ar\/facetinforma\/wp-content\/uploads\/sites\/9\/2019\/09\/jornada-cs-ec.png 910w\" sizes=\"(max-width: 458px) 100vw, 458px\" \/><\/a><\/p>\n","protected":false},"excerpt":{"rendered":"<p>La Unidad de Vinculaci\u00f3n Tecnol\u00f3gica de la UNT invita a la comunidad universitaria a participar de la Jornada &#8220;El Desaf\u00edo de Emprender: Inspiraci\u00f3n y Acci\u00f3n&#8221; que se llevar\u00e1 a cabo el d\u00eda 12 de Septiembre, de 9:00 a 18:30 hs, en la Facultad de Ciencias Econ\u00f3micas de la UNT.<\/p>\n","protected":false},"author":6,"featured_media":0,"comment_status":"closed","ping_status":"closed","sticky":false,"template":"","format":"standard","meta":[],"categories":[5],"tags":[],"_links":{"self":[{"href":"https:\/\/www.facet.unt.edu.ar\/facetinforma\/wp-json\/wp\/v2\/posts\/19175"}],"collection":[{"href":"https:\/\/www.facet.unt.edu.ar\/facetinforma\/wp-json\/wp\/v2\/posts"}],"about":[{"href":"https:\/\/www.facet.unt.edu.ar\/facetinforma\/wp-json\/wp\/v2\/types\/post"}],"author":[{"embeddable":true,"href":"https:\/\/www.facet.unt.edu.ar\/facetinforma\/wp-json\/wp\/v2\/users\/6"}],"replies":[{"embeddable":true,"href":"https:\/\/www.facet.unt.edu.ar\/facetinforma\/wp-json\/wp\/v2\/comments?post=19175"}],"version-history":[{"count":3,"href":"https:\/\/www.facet.unt.edu.ar\/facetinforma\/wp-json\/wp\/v2\/posts\/19175\/revisions"}],"predecessor-version":[{"id":19180,"href":"https:\/\/www.facet.unt.edu.ar\/facetinforma\/wp-json\/wp\/v2\/posts\/19175\/revisions\/19180"}],"wp:attachment":[{"href":"https:\/\/www.facet.unt.edu.ar\/facetinforma\/wp-json\/wp\/v2\/media?parent=19175"}],"wp:term":[{"taxonomy":"category","embeddable":true,"href":"https:\/\/www.facet.unt.edu.ar\/facetinforma\/wp-json\/wp\/v2\/categories?post=19175"},{"taxonomy":"post_tag","embeddable":true,"href":"https:\/\/www.facet.unt.edu.ar\/facetinforma\/wp-json\/wp\/v2\/tags?post=19175"}],"curies":[{"name":"wp","href":"https:\/\/api.w.org\/{rel}","templated":true}]}}