{"id":1920,"date":"2012-09-26T15:00:44","date_gmt":"2012-09-26T15:00:44","guid":{"rendered":"http:\/\/www1.herrera.unt.edu.ar\/facetinforma\/?p=1920"},"modified":"2012-09-26T15:00:44","modified_gmt":"2012-09-26T15:00:44","slug":"maestria-en-astrofisica","status":"publish","type":"post","link":"https:\/\/www.facet.unt.edu.ar\/facetinforma\/2012\/09\/26\/maestria-en-astrofisica\/","title":{"rendered":"Maestr\u00eda en Astrof\u00edsica"},"content":{"rendered":"<p>Ya se encuentra abierta la inscripci\u00f3n para la Maestr\u00eda en F\u00edsica y Astrof\u00edsica Computacional. La misma est\u00e1 destinada para profesionales con t\u00edtulos en ciencias y tecnolog\u00eda.<\/p>\n<p>Mayor <strong>informaci\u00f3n<\/strong> en:<br \/><a href=\"mailto:nat@cruzeirodosul.edu.br\" target=\"_blank\">nat@cruzeirodosul.edu.br<\/a><br \/><a href=\"http:\/\/sites.cruzeirodosulvirtual.com.br\/mestradoAF\/\" target=\"_blank\">http:\/\/sites.cruzeirodosulvirtual.com.br\/mestradoAF\/<\/a><\/p>\n<p><strong>C<\/strong><strong>oordinaci\u00f3n<\/strong>:<br \/>Prof. Dr. Gustavo Amaral Lanfranchi<br \/> Prof. Dr. Jo\u00e3o Pacheco de Melo Bicudo (coordinador adjunto)<\/p>\n<p>Se adjunta archivo sobre la maestr\u00eda: <br \/>&#8211; <a href=\"https:\/\/www.facet.unt.edu.ar\/facetinforma\/wp-content\/uploads\/sites\/9\/2012\/09\/Mestrado-em-Astrof\u00edsica-e-F\u00edsica-Computacional-na-Universidade.pdf\" target=\"_blank\">Mestrado em Astrof\u00edsica e F\u00edsica Computacional na Universidade.pdf<\/a><\/p>\n<p>Atte.,\u00a0\u00a0\u00a0<\/p>\n","protected":false},"excerpt":{"rendered":"<p>Ya se encuentra abierta la inscripci\u00f3n para la Maestr\u00eda en F\u00edsica y Astrof\u00edsica Computacional. La misma est\u00e1 destinada para profesionales con t\u00edtulos en ciencias y tecnolog\u00eda. Mayor informaci\u00f3n en:nat@cruzeirodosul.edu.brhttp:\/\/sites.cruzeirodosulvirtual.com.br\/mestradoAF\/ Coordinaci\u00f3n:Prof. Dr. Gustavo Amaral Lanfranchi Prof. Dr. Jo\u00e3o Pacheco de Melo Bicudo (coordinador adjunto) Se adjunta archivo sobre la maestr\u00eda: &#8211; Mestrado em Astrof\u00edsica e F\u00edsica [&hellip;]<\/p>\n","protected":false},"author":6,"featured_media":0,"comment_status":"closed","ping_status":"open","sticky":false,"template":"","format":"standard","meta":[],"categories":[5],"tags":[],"_links":{"self":[{"href":"https:\/\/www.facet.unt.edu.ar\/facetinforma\/wp-json\/wp\/v2\/posts\/1920"}],"collection":[{"href":"https:\/\/www.facet.unt.edu.ar\/facetinforma\/wp-json\/wp\/v2\/posts"}],"about":[{"href":"https:\/\/www.facet.unt.edu.ar\/facetinforma\/wp-json\/wp\/v2\/types\/post"}],"author":[{"embeddable":true,"href":"https:\/\/www.facet.unt.edu.ar\/facetinforma\/wp-json\/wp\/v2\/users\/6"}],"replies":[{"embeddable":true,"href":"https:\/\/www.facet.unt.edu.ar\/facetinforma\/wp-json\/wp\/v2\/comments?post=1920"}],"version-history":[{"count":0,"href":"https:\/\/www.facet.unt.edu.ar\/facetinforma\/wp-json\/wp\/v2\/posts\/1920\/revisions"}],"wp:attachment":[{"href":"https:\/\/www.facet.unt.edu.ar\/facetinforma\/wp-json\/wp\/v2\/media?parent=1920"}],"wp:term":[{"taxonomy":"category","embeddable":true,"href":"https:\/\/www.facet.unt.edu.ar\/facetinforma\/wp-json\/wp\/v2\/categories?post=1920"},{"taxonomy":"post_tag","embeddable":true,"href":"https:\/\/www.facet.unt.edu.ar\/facetinforma\/wp-json\/wp\/v2\/tags?post=1920"}],"curies":[{"name":"wp","href":"https:\/\/api.w.org\/{rel}","templated":true}]}}