{"id":19206,"date":"2019-09-06T17:38:06","date_gmt":"2019-09-06T20:38:06","guid":{"rendered":"https:\/\/www.facet.unt.edu.ar\/facetinforma\/?p=19206"},"modified":"2019-09-25T23:19:44","modified_gmt":"2019-09-26T02:19:44","slug":"curso-autocad-2d-orientado-a-la-construccion-de-planos-de-instalaciones-electricas-3","status":"publish","type":"post","link":"https:\/\/www.facet.unt.edu.ar\/facetinforma\/2019\/09\/06\/curso-autocad-2d-orientado-a-la-construccion-de-planos-de-instalaciones-electricas-3\/","title":{"rendered":"Curso \u201cAutoCAD 2D orientado a la Construcci\u00f3n de Planos de Instalaciones El\u00e9ctricas\u201d &#8211; Inscripciones abiertas"},"content":{"rendered":"<p style=\"text-align: justify;\">El d\u00eda lunes 30 de septiembre, a las 19:00 hs, dar\u00e1 inicio en la FACET la 4ta edici\u00f3n del <strong>Curso \u201cAutoCAD 2D <\/strong><strong>orientado a la Construcci\u00f3n de Planos de Instalaciones El\u00e9ctricas<\/strong>\u201d, a cargo de docentes de la C\u00e1tedra de \u201cDise\u00f1o Asistido\u201d de la FACET-UNT. El mismo est\u00e1 dirigido al p\u00fablico en general y a estudiantes interesados en la confecci\u00f3n de un plano tipo (de la asignatura &#8220;Instalaciones El\u00e9ctricas&#8221;) de instalaci\u00f3n el\u00e9ctrica seg\u00fan normas, mediante el uso de la herramienta CAD y no contempla su c\u00e1lculo y dise\u00f1o.<!--more--><\/p>\n<p><u>Duraci\u00f3n<\/u>: 5 semanas \u2013 4 hs semanales<\/p>\n<p><u>Modalidad<\/u>: Te\u00f3rico \u2013 Pr\u00e1ctico<br \/>\nClases Te\u00f3ricas: Lunes de 19 a 21 hs.<br \/>\nClases Pr\u00e1cticas: Mi\u00e9rcoles de 19 a 21 hs.<\/p>\n<p><u>N\u00famero de vacantes<\/u>: 22 alumnos<\/p>\n<p><u>Arancel \/ Inversi\u00f3n<\/u>:<\/p>\n<ul>\n<li>P\u00fablico en General: $ 2500<\/li>\n<li>Estudiantes FACET: $ 1400 (opci\u00f3n pago en 2 partes)<\/li>\n<\/ul>\n<p style=\"text-align: left;\"><u>Inscripciones<\/u>: <strong>hasta lunes 30 de Septiembre. Para inscribirse puede hacerlo desde el siguiente formulario: <a href=\"http:\/\/bit.ly\/cursocad-inscripciones\" target=\"_blank\" rel=\"noopener noreferrer\">http:\/\/bit.ly\/cursocad-inscripciones<\/a><\/strong><\/p>\n<p><u>Lugar de dictado<\/u>: Laboratorio de \u201cDise\u00f1o Asistido\u201d, del \u00c1rea Sistemas de Representaci\u00f3n, Oficina: 1-0-05, Block 1, PB, FACET, Av. Independencia 1800.<\/p>\n<p><strong>Se entregar\u00e1n certificados de Asistencia\/Aprobado<\/strong>.<\/p>\n<p><u>Consultas e informes<\/u>:<\/p>\n<ul>\n<li><a href=\"mailto:DAsistido@Herrera.UNT.edu.ar\">DAsistido@Herrera.UNT.edu.ar<\/a><\/li>\n<li>C\u00e1tedra: Dise\u00f1o Asistido \u2013 Tel.: 4364093, Int. 7778, de 8 a 12 hs.<\/li>\n<\/ul>\n<p>&nbsp;<\/p>\n<p><a href=\"https:\/\/www.facet.unt.edu.ar\/facetinforma\/wp-content\/uploads\/sites\/9\/2019\/09\/AUTOCAD-2D-30-DE-SEP-2019.jpg\"><img decoding=\"async\" loading=\"lazy\" class=\"aligncenter wp-image-19389\" src=\"https:\/\/www.facet.unt.edu.ar\/facetinforma\/wp-content\/uploads\/sites\/9\/2019\/09\/AUTOCAD-2D-30-DE-SEP-2019-723x1024.jpg\" alt=\"\" width=\"542\" height=\"767\" srcset=\"https:\/\/www.facet.unt.edu.ar\/facetinforma\/wp-content\/uploads\/sites\/9\/2019\/09\/AUTOCAD-2D-30-DE-SEP-2019-723x1024.jpg 723w, https:\/\/www.facet.unt.edu.ar\/facetinforma\/wp-content\/uploads\/sites\/9\/2019\/09\/AUTOCAD-2D-30-DE-SEP-2019-212x300.jpg 212w, https:\/\/www.facet.unt.edu.ar\/facetinforma\/wp-content\/uploads\/sites\/9\/2019\/09\/AUTOCAD-2D-30-DE-SEP-2019-768x1087.jpg 768w\" sizes=\"(max-width: 542px) 100vw, 542px\" \/><\/a><\/p>\n","protected":false},"excerpt":{"rendered":"<p>El d\u00eda lunes 30 de septiembre, a las 19:00 hs, dar\u00e1 inicio en la FACET la 4ta edici\u00f3n del Curso \u201cAutoCAD 2D orientado a la Construcci\u00f3n de Planos de Instalaciones El\u00e9ctricas\u201d, a cargo de docentes de la C\u00e1tedra de \u201cDise\u00f1o Asistido\u201d de la FACET-UNT. El mismo est\u00e1 dirigido al p\u00fablico en general y a estudiantes [&hellip;]<\/p>\n","protected":false},"author":6,"featured_media":0,"comment_status":"closed","ping_status":"closed","sticky":false,"template":"","format":"standard","meta":[],"categories":[5],"tags":[],"_links":{"self":[{"href":"https:\/\/www.facet.unt.edu.ar\/facetinforma\/wp-json\/wp\/v2\/posts\/19206"}],"collection":[{"href":"https:\/\/www.facet.unt.edu.ar\/facetinforma\/wp-json\/wp\/v2\/posts"}],"about":[{"href":"https:\/\/www.facet.unt.edu.ar\/facetinforma\/wp-json\/wp\/v2\/types\/post"}],"author":[{"embeddable":true,"href":"https:\/\/www.facet.unt.edu.ar\/facetinforma\/wp-json\/wp\/v2\/users\/6"}],"replies":[{"embeddable":true,"href":"https:\/\/www.facet.unt.edu.ar\/facetinforma\/wp-json\/wp\/v2\/comments?post=19206"}],"version-history":[{"count":16,"href":"https:\/\/www.facet.unt.edu.ar\/facetinforma\/wp-json\/wp\/v2\/posts\/19206\/revisions"}],"predecessor-version":[{"id":19392,"href":"https:\/\/www.facet.unt.edu.ar\/facetinforma\/wp-json\/wp\/v2\/posts\/19206\/revisions\/19392"}],"wp:attachment":[{"href":"https:\/\/www.facet.unt.edu.ar\/facetinforma\/wp-json\/wp\/v2\/media?parent=19206"}],"wp:term":[{"taxonomy":"category","embeddable":true,"href":"https:\/\/www.facet.unt.edu.ar\/facetinforma\/wp-json\/wp\/v2\/categories?post=19206"},{"taxonomy":"post_tag","embeddable":true,"href":"https:\/\/www.facet.unt.edu.ar\/facetinforma\/wp-json\/wp\/v2\/tags?post=19206"}],"curies":[{"name":"wp","href":"https:\/\/api.w.org\/{rel}","templated":true}]}}