{"id":19218,"date":"2019-09-09T17:21:55","date_gmt":"2019-09-09T20:21:55","guid":{"rendered":"https:\/\/www.facet.unt.edu.ar\/facetinforma\/?p=19218"},"modified":"2019-09-09T17:21:55","modified_gmt":"2019-09-09T20:21:55","slug":"seminario-sobre-aplicacion-de-la-matematica-en-el-modelado-de-la-atmosfera","status":"publish","type":"post","link":"https:\/\/www.facet.unt.edu.ar\/facetinforma\/2019\/09\/09\/seminario-sobre-aplicacion-de-la-matematica-en-el-modelado-de-la-atmosfera\/","title":{"rendered":"Seminario sobre \u201cAplicaci\u00f3n de la matem\u00e1tica en el modelado de la atm\u00f3sfera\u201d"},"content":{"rendered":"<p style=\"text-align: justify;\">En el marco de los Seminarios de Divulgaci\u00f3n Cient\u00edfica en Matem\u00e1tica de la Maestr\u00eda en Matem\u00e1tica, se invita a la comunidad universitaria a participar del seminario sobre \u201c<strong>Aplicaci\u00f3n de la matem\u00e1tica en el modelado de la atm\u00f3sfera<\/strong>\u201d, a cargo de la <strong>Lic. Mar\u00eda Laura Molina<\/strong> (Departamento de F\u00edsica, FACET &#8211; UNT). El mismo se realizar\u00e1 este <strong>viernes 13 de septiembre<\/strong>, a las 12:15 hs, en el Aula 2-4-8, Block 2, 4\u00b0 Piso, de la FACET.\u00a0 <!--more--><\/p>\n<p style=\"text-align: justify;\"><strong>Resumen<\/strong><\/p>\n<p style=\"text-align: justify;\">Las ecuaciones que modelan la evoluci\u00f3n de la atm\u00f3sfera est\u00e1n basadas en principios generales de la f\u00edsica. Constituyen uno de los campos de interacci\u00f3n entre los sistemas din\u00e1micos de la vida real y la necesidad de obtener soluciones cuantitativas aunque sean aproximadas.<\/p>\n<p style=\"text-align: justify;\">Uno de los grandes cap\u00edtulos de la mec\u00e1nica de fluidos es el desarrollo y resoluci\u00f3n de modelos matem\u00e1ticos de la din\u00e1mica atmosf\u00e9rica, con el fin de predecir el tiempo, la ocurrencia de fen\u00f3menos meteorol\u00f3gicos adversos y el clima. Estos problemas tienen importantes implicaciones econ\u00f3micas, sociales y medio ambientales.<\/p>\n<p style=\"text-align: justify;\">En este seminario se describir\u00e1n estos principios y las ecuaciones que se generan en los modelos atmosf\u00e9ricos.<\/p>\n<p>&nbsp;<\/p>\n","protected":false},"excerpt":{"rendered":"<p>En el marco de los Seminarios de Divulgaci\u00f3n Cient\u00edfica en Matem\u00e1tica de la Maestr\u00eda en Matem\u00e1tica, se invita a la comunidad universitaria a participar del seminario sobre \u201cAplicaci\u00f3n de la matem\u00e1tica en el modelado de la atm\u00f3sfera\u201d, a cargo de la Lic. Mar\u00eda Laura Molina (Departamento de F\u00edsica, FACET &#8211; UNT). El mismo se realizar\u00e1 [&hellip;]<\/p>\n","protected":false},"author":6,"featured_media":0,"comment_status":"closed","ping_status":"closed","sticky":false,"template":"","format":"standard","meta":[],"categories":[5],"tags":[],"_links":{"self":[{"href":"https:\/\/www.facet.unt.edu.ar\/facetinforma\/wp-json\/wp\/v2\/posts\/19218"}],"collection":[{"href":"https:\/\/www.facet.unt.edu.ar\/facetinforma\/wp-json\/wp\/v2\/posts"}],"about":[{"href":"https:\/\/www.facet.unt.edu.ar\/facetinforma\/wp-json\/wp\/v2\/types\/post"}],"author":[{"embeddable":true,"href":"https:\/\/www.facet.unt.edu.ar\/facetinforma\/wp-json\/wp\/v2\/users\/6"}],"replies":[{"embeddable":true,"href":"https:\/\/www.facet.unt.edu.ar\/facetinforma\/wp-json\/wp\/v2\/comments?post=19218"}],"version-history":[{"count":1,"href":"https:\/\/www.facet.unt.edu.ar\/facetinforma\/wp-json\/wp\/v2\/posts\/19218\/revisions"}],"predecessor-version":[{"id":19219,"href":"https:\/\/www.facet.unt.edu.ar\/facetinforma\/wp-json\/wp\/v2\/posts\/19218\/revisions\/19219"}],"wp:attachment":[{"href":"https:\/\/www.facet.unt.edu.ar\/facetinforma\/wp-json\/wp\/v2\/media?parent=19218"}],"wp:term":[{"taxonomy":"category","embeddable":true,"href":"https:\/\/www.facet.unt.edu.ar\/facetinforma\/wp-json\/wp\/v2\/categories?post=19218"},{"taxonomy":"post_tag","embeddable":true,"href":"https:\/\/www.facet.unt.edu.ar\/facetinforma\/wp-json\/wp\/v2\/tags?post=19218"}],"curies":[{"name":"wp","href":"https:\/\/api.w.org\/{rel}","templated":true}]}}