{"id":19264,"date":"2019-09-12T10:56:57","date_gmt":"2019-09-12T13:56:57","guid":{"rendered":"https:\/\/www.facet.unt.edu.ar\/facetinforma\/?p=19264"},"modified":"2019-09-12T11:04:19","modified_gmt":"2019-09-12T14:04:19","slug":"xvii-congreso-internacional-en-innovacion-tecnologica-informatica","status":"publish","type":"post","link":"https:\/\/www.facet.unt.edu.ar\/facetinforma\/2019\/09\/12\/xvii-congreso-internacional-en-innovacion-tecnologica-informatica\/","title":{"rendered":"XVII Congreso Internacional en Innovaci\u00f3n Tecnol\u00f3gica Inform\u00e1tica &#8211; Cap\u00edtulo Buenos Aires"},"content":{"rendered":"<p style=\"text-align: justify;\">La Facultad de Tecnolog\u00eda Inform\u00e1tica y su Centro de Altos Estudios, CAETI, de la Universidad Abierta Interamericana, invitan a la comunidad de la FACET a participar del <strong>\u201cXVII Congreso Internacional en Innovaci\u00f3n Tecnol\u00f3gica Inform\u00e1tica 2019 &#8211; Inteligencia Computacional y Computaci\u00f3n Cognitiva, Ejes de la Revoluci\u00f3n de la Automatizaci\u00f3n\u201d,<\/strong> a realizarse el <strong>26 de Septiembre<\/strong>, en Palais Rouge, Jer\u00f3nimo Salguero 1443\/49, Buenos Aires. <!--more--><\/p>\n<p style=\"text-align: justify;\">La entrada incluye coffee breaks, lunch, pase libre a las Conferencias y al sal\u00f3n de exposiciones (stands).<\/p>\n<p style=\"text-align: justify;\">Para recibir el Certificado de Asistencia, deber\u00e1 <a href=\"https:\/\/www.uai.edu.ar\/ciiti\/2019\/buenos-aires\/inscripcion\/?utm_source=Mailing&amp;utm_medium=Correo-Electronico&amp;utm_content=Newsletter-CIITI-con-Agenda-Alumnos&amp;utm_campaign=Newsletter-CIITI-con-Agenda-Alumnos\" target=\"_blank\" rel=\"noopener noreferrer\">inscribirse On-Line<\/a> y acreditarse al ingresar al Congreso.<\/p>\n<p style=\"text-align: justify;\">M\u00e1s informaci\u00f3n en: <a href=\"http:\/\/www.uai.edu.ar\/ciiti\" target=\"_blank\" rel=\"noopener noreferrer\">www.uai.edu.ar\/ciiti<\/a><\/p>\n<p><a href=\"https:\/\/www.facet.unt.edu.ar\/facetinforma\/wp-content\/uploads\/sites\/9\/2019\/09\/afiche.jpg\"><img decoding=\"async\" loading=\"lazy\" class=\"aligncenter wp-image-19265\" src=\"https:\/\/www.facet.unt.edu.ar\/facetinforma\/wp-content\/uploads\/sites\/9\/2019\/09\/afiche.jpg\" alt=\"\" width=\"539\" height=\"702\" srcset=\"https:\/\/www.facet.unt.edu.ar\/facetinforma\/wp-content\/uploads\/sites\/9\/2019\/09\/afiche.jpg 598w, https:\/\/www.facet.unt.edu.ar\/facetinforma\/wp-content\/uploads\/sites\/9\/2019\/09\/afiche-230x300.jpg 230w\" sizes=\"(max-width: 539px) 100vw, 539px\" \/><\/a><\/p>\n","protected":false},"excerpt":{"rendered":"<p>La Facultad de Tecnolog\u00eda Inform\u00e1tica y su Centro de Altos Estudios, CAETI, de la Universidad Abierta Interamericana, invitan a la comunidad de la FACET a participar del \u201cXVII Congreso Internacional en Innovaci\u00f3n Tecnol\u00f3gica Inform\u00e1tica 2019 &#8211; Inteligencia Computacional y Computaci\u00f3n Cognitiva, Ejes de la Revoluci\u00f3n de la Automatizaci\u00f3n\u201d, a realizarse el 26 de Septiembre, en [&hellip;]<\/p>\n","protected":false},"author":6,"featured_media":0,"comment_status":"closed","ping_status":"closed","sticky":false,"template":"","format":"standard","meta":[],"categories":[5],"tags":[],"_links":{"self":[{"href":"https:\/\/www.facet.unt.edu.ar\/facetinforma\/wp-json\/wp\/v2\/posts\/19264"}],"collection":[{"href":"https:\/\/www.facet.unt.edu.ar\/facetinforma\/wp-json\/wp\/v2\/posts"}],"about":[{"href":"https:\/\/www.facet.unt.edu.ar\/facetinforma\/wp-json\/wp\/v2\/types\/post"}],"author":[{"embeddable":true,"href":"https:\/\/www.facet.unt.edu.ar\/facetinforma\/wp-json\/wp\/v2\/users\/6"}],"replies":[{"embeddable":true,"href":"https:\/\/www.facet.unt.edu.ar\/facetinforma\/wp-json\/wp\/v2\/comments?post=19264"}],"version-history":[{"count":3,"href":"https:\/\/www.facet.unt.edu.ar\/facetinforma\/wp-json\/wp\/v2\/posts\/19264\/revisions"}],"predecessor-version":[{"id":19268,"href":"https:\/\/www.facet.unt.edu.ar\/facetinforma\/wp-json\/wp\/v2\/posts\/19264\/revisions\/19268"}],"wp:attachment":[{"href":"https:\/\/www.facet.unt.edu.ar\/facetinforma\/wp-json\/wp\/v2\/media?parent=19264"}],"wp:term":[{"taxonomy":"category","embeddable":true,"href":"https:\/\/www.facet.unt.edu.ar\/facetinforma\/wp-json\/wp\/v2\/categories?post=19264"},{"taxonomy":"post_tag","embeddable":true,"href":"https:\/\/www.facet.unt.edu.ar\/facetinforma\/wp-json\/wp\/v2\/tags?post=19264"}],"curies":[{"name":"wp","href":"https:\/\/api.w.org\/{rel}","templated":true}]}}