{"id":19290,"date":"2019-09-13T17:47:01","date_gmt":"2019-09-13T20:47:01","guid":{"rendered":"https:\/\/www.facet.unt.edu.ar\/facetinforma\/?p=19290"},"modified":"2019-09-13T17:47:01","modified_gmt":"2019-09-13T20:47:01","slug":"seminario-sobre-fabricacion-de-semiconductores-a-baja-temperatura","status":"publish","type":"post","link":"https:\/\/www.facet.unt.edu.ar\/facetinforma\/2019\/09\/13\/seminario-sobre-fabricacion-de-semiconductores-a-baja-temperatura\/","title":{"rendered":"Seminario sobre \u201cFabricaci\u00f3n de semiconductores a baja temperatura\u201d"},"content":{"rendered":"<p style=\"text-align: justify;\">En el marco de los Seminarios de la Carrera de Licenciatura en F\u00edsica de la FACET, se invita a participar del Seminario sobre <strong>\u201cFabricaci\u00f3n de semiconductores a baja temperatura\u201d<\/strong>, a cargo del <strong>Dr. Oscar Mar\u00edn<\/strong> (NANOPROJECT\u2013 LAFISO- INFINOA \u2013 CONICET-UNT). El mismo se realizar\u00e1 el d\u00eda <strong>martes 17 de septiembre<\/strong>, a las <strong>10:30 hs<\/strong>, en el <strong>Aula 2-4-5<\/strong> (Block 2, 4\u00ba piso) de la FACET. <!--more--><\/p>\n<p style=\"text-align: justify;\">La exposici\u00f3n est\u00e1 dirigida a estudiantes avanzados de F\u00edsica, Matem\u00e1tica e Ingenier\u00edas sobre investigaciones en el \u00e1rea de semiconductores realizadas en el INFINOA.<\/p>\n<p><a href=\"https:\/\/www.facet.unt.edu.ar\/facetinforma\/wp-content\/uploads\/sites\/9\/2019\/09\/seminario-LF.jpg\"><img decoding=\"async\" loading=\"lazy\" class=\"aligncenter  wp-image-19291\" src=\"https:\/\/www.facet.unt.edu.ar\/facetinforma\/wp-content\/uploads\/sites\/9\/2019\/09\/seminario-LF.jpg\" alt=\"\" width=\"556\" height=\"421\" srcset=\"https:\/\/www.facet.unt.edu.ar\/facetinforma\/wp-content\/uploads\/sites\/9\/2019\/09\/seminario-LF.jpg 818w, https:\/\/www.facet.unt.edu.ar\/facetinforma\/wp-content\/uploads\/sites\/9\/2019\/09\/seminario-LF-300x227.jpg 300w, https:\/\/www.facet.unt.edu.ar\/facetinforma\/wp-content\/uploads\/sites\/9\/2019\/09\/seminario-LF-768x582.jpg 768w\" sizes=\"(max-width: 556px) 100vw, 556px\" \/><\/a><\/p>\n<p>&nbsp;<\/p>\n","protected":false},"excerpt":{"rendered":"<p>En el marco de los Seminarios de la Carrera de Licenciatura en F\u00edsica de la FACET, se invita a participar del Seminario sobre \u201cFabricaci\u00f3n de semiconductores a baja temperatura\u201d, a cargo del Dr. Oscar Mar\u00edn (NANOPROJECT\u2013 LAFISO- INFINOA \u2013 CONICET-UNT). El mismo se realizar\u00e1 el d\u00eda martes 17 de septiembre, a las 10:30 hs, en [&hellip;]<\/p>\n","protected":false},"author":6,"featured_media":0,"comment_status":"closed","ping_status":"closed","sticky":false,"template":"","format":"standard","meta":[],"categories":[5],"tags":[],"_links":{"self":[{"href":"https:\/\/www.facet.unt.edu.ar\/facetinforma\/wp-json\/wp\/v2\/posts\/19290"}],"collection":[{"href":"https:\/\/www.facet.unt.edu.ar\/facetinforma\/wp-json\/wp\/v2\/posts"}],"about":[{"href":"https:\/\/www.facet.unt.edu.ar\/facetinforma\/wp-json\/wp\/v2\/types\/post"}],"author":[{"embeddable":true,"href":"https:\/\/www.facet.unt.edu.ar\/facetinforma\/wp-json\/wp\/v2\/users\/6"}],"replies":[{"embeddable":true,"href":"https:\/\/www.facet.unt.edu.ar\/facetinforma\/wp-json\/wp\/v2\/comments?post=19290"}],"version-history":[{"count":1,"href":"https:\/\/www.facet.unt.edu.ar\/facetinforma\/wp-json\/wp\/v2\/posts\/19290\/revisions"}],"predecessor-version":[{"id":19292,"href":"https:\/\/www.facet.unt.edu.ar\/facetinforma\/wp-json\/wp\/v2\/posts\/19290\/revisions\/19292"}],"wp:attachment":[{"href":"https:\/\/www.facet.unt.edu.ar\/facetinforma\/wp-json\/wp\/v2\/media?parent=19290"}],"wp:term":[{"taxonomy":"category","embeddable":true,"href":"https:\/\/www.facet.unt.edu.ar\/facetinforma\/wp-json\/wp\/v2\/categories?post=19290"},{"taxonomy":"post_tag","embeddable":true,"href":"https:\/\/www.facet.unt.edu.ar\/facetinforma\/wp-json\/wp\/v2\/tags?post=19290"}],"curies":[{"name":"wp","href":"https:\/\/api.w.org\/{rel}","templated":true}]}}