{"id":19304,"date":"2019-09-16T19:52:55","date_gmt":"2019-09-16T22:52:55","guid":{"rendered":"https:\/\/www.facet.unt.edu.ar\/facetinforma\/?p=19304"},"modified":"2019-09-16T19:55:39","modified_gmt":"2019-09-16T22:55:39","slug":"la-facet-en-trancas-curso-de-nivelacion-en-matematica","status":"publish","type":"post","link":"https:\/\/www.facet.unt.edu.ar\/facetinforma\/2019\/09\/16\/la-facet-en-trancas-curso-de-nivelacion-en-matematica\/","title":{"rendered":"La FACET en Trancas \u2013 Curso de Nivelaci\u00f3n en Matem\u00e1tica"},"content":{"rendered":"<p style=\"text-align: justify;\">El pasado s\u00e1bado 14 de septiembre, se llev\u00f3 a cabo en la ciudad de Trancas un nuevo encuentro del Curso de Nivelaci\u00f3n en Matem\u00e1tica, con la participaci\u00f3n del Secretario Acad\u00e9mico de nuestra Facultad, <strong>Dr. Ing. Nicol\u00e1s Nieva<\/strong>, la coordinadora del \u00c1rea Ingreso, <strong>Mg. Lic. Isabel Giannini<\/strong> y las Licenciadas <strong>Mariana Madozzo<\/strong> y <strong>Mar\u00eda Ver\u00f3nica Lobos<\/strong>, del Gabinete Psicopedag\u00f3gico de la FACET. <!--more--><\/p>\n<p style=\"text-align: justify;\">En esta jornada, el equipo del Gabinete Psicopedag\u00f3gico &#8211; FACET, llev\u00f3 a cabo un taller de <strong>&#8220;Ambientaci\u00f3n a la vida universitaria&#8221;,<\/strong> pensado para los aspirantes que participan de esta capacitaci\u00f3n en la sede de Trancas.<\/p>\n<p style=\"text-align: justify;\">El Curso de Nivelaci\u00f3n en Matem\u00e1tica, es un trayecto formativo que prepara a los aspirantes para el ingreso a las carreras que ofrece la Facultad.<\/p>\n<p><a href=\"https:\/\/www.facet.unt.edu.ar\/facetinforma\/wp-content\/uploads\/sites\/9\/2019\/09\/1-CNM.jpg\"><img decoding=\"async\" loading=\"lazy\" class=\"aligncenter wp-image-19307\" src=\"https:\/\/www.facet.unt.edu.ar\/facetinforma\/wp-content\/uploads\/sites\/9\/2019\/09\/1-CNM.jpg\" alt=\"\" width=\"506\" height=\"379\" srcset=\"https:\/\/www.facet.unt.edu.ar\/facetinforma\/wp-content\/uploads\/sites\/9\/2019\/09\/1-CNM.jpg 960w, https:\/\/www.facet.unt.edu.ar\/facetinforma\/wp-content\/uploads\/sites\/9\/2019\/09\/1-CNM-300x225.jpg 300w, https:\/\/www.facet.unt.edu.ar\/facetinforma\/wp-content\/uploads\/sites\/9\/2019\/09\/1-CNM-768x576.jpg 768w\" sizes=\"(max-width: 506px) 100vw, 506px\" \/><\/a> <a href=\"https:\/\/www.facet.unt.edu.ar\/facetinforma\/wp-content\/uploads\/sites\/9\/2019\/09\/2-CNM.jpg\"><img decoding=\"async\" loading=\"lazy\" class=\"aligncenter wp-image-19308\" src=\"https:\/\/www.facet.unt.edu.ar\/facetinforma\/wp-content\/uploads\/sites\/9\/2019\/09\/2-CNM.jpg\" alt=\"\" width=\"504\" height=\"378\" srcset=\"https:\/\/www.facet.unt.edu.ar\/facetinforma\/wp-content\/uploads\/sites\/9\/2019\/09\/2-CNM.jpg 960w, https:\/\/www.facet.unt.edu.ar\/facetinforma\/wp-content\/uploads\/sites\/9\/2019\/09\/2-CNM-300x225.jpg 300w, https:\/\/www.facet.unt.edu.ar\/facetinforma\/wp-content\/uploads\/sites\/9\/2019\/09\/2-CNM-768x576.jpg 768w\" sizes=\"(max-width: 504px) 100vw, 504px\" \/><\/a><\/p>\n","protected":false},"excerpt":{"rendered":"<p>El pasado s\u00e1bado 14 de septiembre, se llev\u00f3 a cabo en la ciudad de Trancas un nuevo encuentro del Curso de Nivelaci\u00f3n en Matem\u00e1tica, con la participaci\u00f3n del Secretario Acad\u00e9mico de nuestra Facultad, Dr. Ing. Nicol\u00e1s Nieva, la coordinadora del \u00c1rea Ingreso, Mg. Lic. Isabel Giannini y las Licenciadas Mariana Madozzo y Mar\u00eda Ver\u00f3nica Lobos, [&hellip;]<\/p>\n","protected":false},"author":6,"featured_media":0,"comment_status":"closed","ping_status":"closed","sticky":false,"template":"","format":"standard","meta":[],"categories":[5],"tags":[],"_links":{"self":[{"href":"https:\/\/www.facet.unt.edu.ar\/facetinforma\/wp-json\/wp\/v2\/posts\/19304"}],"collection":[{"href":"https:\/\/www.facet.unt.edu.ar\/facetinforma\/wp-json\/wp\/v2\/posts"}],"about":[{"href":"https:\/\/www.facet.unt.edu.ar\/facetinforma\/wp-json\/wp\/v2\/types\/post"}],"author":[{"embeddable":true,"href":"https:\/\/www.facet.unt.edu.ar\/facetinforma\/wp-json\/wp\/v2\/users\/6"}],"replies":[{"embeddable":true,"href":"https:\/\/www.facet.unt.edu.ar\/facetinforma\/wp-json\/wp\/v2\/comments?post=19304"}],"version-history":[{"count":4,"href":"https:\/\/www.facet.unt.edu.ar\/facetinforma\/wp-json\/wp\/v2\/posts\/19304\/revisions"}],"predecessor-version":[{"id":19310,"href":"https:\/\/www.facet.unt.edu.ar\/facetinforma\/wp-json\/wp\/v2\/posts\/19304\/revisions\/19310"}],"wp:attachment":[{"href":"https:\/\/www.facet.unt.edu.ar\/facetinforma\/wp-json\/wp\/v2\/media?parent=19304"}],"wp:term":[{"taxonomy":"category","embeddable":true,"href":"https:\/\/www.facet.unt.edu.ar\/facetinforma\/wp-json\/wp\/v2\/categories?post=19304"},{"taxonomy":"post_tag","embeddable":true,"href":"https:\/\/www.facet.unt.edu.ar\/facetinforma\/wp-json\/wp\/v2\/tags?post=19304"}],"curies":[{"name":"wp","href":"https:\/\/api.w.org\/{rel}","templated":true}]}}