{"id":19316,"date":"2019-09-16T21:08:19","date_gmt":"2019-09-17T00:08:19","guid":{"rendered":"https:\/\/www.facet.unt.edu.ar\/facetinforma\/?p=19316"},"modified":"2019-09-16T21:08:19","modified_gmt":"2019-09-17T00:08:19","slug":"nueva-edicion-del-programa-de-formacion-docente-taller-sede-tucuman","status":"publish","type":"post","link":"https:\/\/www.facet.unt.edu.ar\/facetinforma\/2019\/09\/16\/nueva-edicion-del-programa-de-formacion-docente-taller-sede-tucuman\/","title":{"rendered":"Nueva edici\u00f3n del Programa de Formaci\u00f3n Docente \u2013 Taller Sede Tucum\u00e1n"},"content":{"rendered":"<p style=\"text-align: justify;\">El\u00a0Consejo Federal de Decanos de Ingenier\u00eda\u00a0(CONFEDI),\u00a0con\u00a0el apoyo de la\u00a0Secretar\u00eda de Pol\u00edticas Universitarias (SPU),\u00a0lanzan una nueva edici\u00f3n del\u00a0Programa de Formaci\u00f3n Docente en el Enfoque por Competencias en Carreras de Ingenier\u00eda. <!--more--><\/p>\n<p style=\"text-align: justify;\">Esta iniciativa, da continuidad a los cursos que en el a\u00f1o 2018 alcanzaron a unos 300 docentes de 100 facultades de todo el pa\u00eds. Este a\u00f1o, el\u00a0CONFEDI\u00a0profundizar\u00e1 esta l\u00ednea de acci\u00f3n en nuevos encuentros que fortalecer\u00e1n las capacidades institucionales y docentes, permitiendo mejorar los procesos de ense\u00f1anza y aprendizaje y el redise\u00f1o y desarrollo curricular de los nuevos programas de ingenier\u00eda.<\/p>\n<p style=\"text-align: justify;\">En esta oportunidad, se realizar\u00e1n cuatro encuentros regionales durante septiembre y octubre en Tucum\u00e1n, C\u00f3rdoba, La Plata y Mar del Plata. El taller en Tucum\u00e1n se llevar\u00e1 a cabo el d\u00eda <strong>2 de octubre de 2019<\/strong>. El evento es gratuito \u2013 Vacantes Limitadas.<\/p>\n<p>Los interesados deber\u00e1n inscribirse ingresando al siguiente link: <a href=\"https:\/\/confedi.org.ar\/portfolio\/tucuman0210\/\" target=\"_blank\" rel=\"noopener noreferrer\">https:\/\/confedi.org.ar\/portfolio\/tucuman0210\/<\/a><\/p>\n<p>Ver convocatoria y bases en: <a href=\"https:\/\/confedi.org.ar\/convocatoria-abierta-encuentros-regionales-de-capacitacion-docente\/\" target=\"_blank\" rel=\"noopener noreferrer\">https:\/\/confedi.org.ar\/convocatoria-abierta-encuentros-regionales-de-capacitacion-docente\/<\/a><\/p>\n<p><a href=\"https:\/\/www.facet.unt.edu.ar\/facetinforma\/wp-content\/uploads\/sites\/9\/2019\/08\/Programa-CDEC.png\"><img decoding=\"async\" loading=\"lazy\" class=\"aligncenter  wp-image-19089\" src=\"https:\/\/www.facet.unt.edu.ar\/facetinforma\/wp-content\/uploads\/sites\/9\/2019\/08\/Programa-CDEC-1024x341.png\" alt=\"\" width=\"568\" height=\"189\" srcset=\"https:\/\/www.facet.unt.edu.ar\/facetinforma\/wp-content\/uploads\/sites\/9\/2019\/08\/Programa-CDEC-1024x341.png 1024w, https:\/\/www.facet.unt.edu.ar\/facetinforma\/wp-content\/uploads\/sites\/9\/2019\/08\/Programa-CDEC-300x100.png 300w, https:\/\/www.facet.unt.edu.ar\/facetinforma\/wp-content\/uploads\/sites\/9\/2019\/08\/Programa-CDEC-768x256.png 768w, https:\/\/www.facet.unt.edu.ar\/facetinforma\/wp-content\/uploads\/sites\/9\/2019\/08\/Programa-CDEC.png 1500w\" sizes=\"(max-width: 568px) 100vw, 568px\" \/><\/a><\/p>\n","protected":false},"excerpt":{"rendered":"<p>El\u00a0Consejo Federal de Decanos de Ingenier\u00eda\u00a0(CONFEDI),\u00a0con\u00a0el apoyo de la\u00a0Secretar\u00eda de Pol\u00edticas Universitarias (SPU),\u00a0lanzan una nueva edici\u00f3n del\u00a0Programa de Formaci\u00f3n Docente en el Enfoque por Competencias en Carreras de Ingenier\u00eda.<\/p>\n","protected":false},"author":6,"featured_media":0,"comment_status":"closed","ping_status":"closed","sticky":false,"template":"","format":"standard","meta":[],"categories":[5],"tags":[],"_links":{"self":[{"href":"https:\/\/www.facet.unt.edu.ar\/facetinforma\/wp-json\/wp\/v2\/posts\/19316"}],"collection":[{"href":"https:\/\/www.facet.unt.edu.ar\/facetinforma\/wp-json\/wp\/v2\/posts"}],"about":[{"href":"https:\/\/www.facet.unt.edu.ar\/facetinforma\/wp-json\/wp\/v2\/types\/post"}],"author":[{"embeddable":true,"href":"https:\/\/www.facet.unt.edu.ar\/facetinforma\/wp-json\/wp\/v2\/users\/6"}],"replies":[{"embeddable":true,"href":"https:\/\/www.facet.unt.edu.ar\/facetinforma\/wp-json\/wp\/v2\/comments?post=19316"}],"version-history":[{"count":1,"href":"https:\/\/www.facet.unt.edu.ar\/facetinforma\/wp-json\/wp\/v2\/posts\/19316\/revisions"}],"predecessor-version":[{"id":19317,"href":"https:\/\/www.facet.unt.edu.ar\/facetinforma\/wp-json\/wp\/v2\/posts\/19316\/revisions\/19317"}],"wp:attachment":[{"href":"https:\/\/www.facet.unt.edu.ar\/facetinforma\/wp-json\/wp\/v2\/media?parent=19316"}],"wp:term":[{"taxonomy":"category","embeddable":true,"href":"https:\/\/www.facet.unt.edu.ar\/facetinforma\/wp-json\/wp\/v2\/categories?post=19316"},{"taxonomy":"post_tag","embeddable":true,"href":"https:\/\/www.facet.unt.edu.ar\/facetinforma\/wp-json\/wp\/v2\/tags?post=19316"}],"curies":[{"name":"wp","href":"https:\/\/api.w.org\/{rel}","templated":true}]}}