{"id":19330,"date":"2019-09-19T19:42:59","date_gmt":"2019-09-19T22:42:59","guid":{"rendered":"https:\/\/www.facet.unt.edu.ar\/facetinforma\/?p=19330"},"modified":"2019-09-19T23:07:36","modified_gmt":"2019-09-20T02:07:36","slug":"presentacion-del-instituto-de-datacion-y-arqueometria-indya-conicet-unt-unju-gob-de-jujuy","status":"publish","type":"post","link":"https:\/\/www.facet.unt.edu.ar\/facetinforma\/2019\/09\/19\/presentacion-del-instituto-de-datacion-y-arqueometria-indya-conicet-unt-unju-gob-de-jujuy\/","title":{"rendered":"Presentaci\u00f3n del Instituto de Dataci\u00f3n y Arqueometr\u00eda \u201cInDyA\u201d (CONICET-UNT-UNJU-Gob. de Jujuy)"},"content":{"rendered":"<p style=\"text-align: justify;\"><strong>El pr\u00f3ximo mi\u00e9rcoles 25 de septiembre, a las 12:30 hs, en la Sala de Medios Audiovisuales de la FACET se presentar\u00e1, con acceso libre para toda la comunidad universitaria, un nuevo centro de investigaci\u00f3n de cu\u00e1druple dependencia en el que la UNT es parte conjuntamente con el CONICET, la Universidad Nacional de Jujuy y el Gobierno de la Provincia de Jujuy. Se trata del Instituto de Dataci\u00f3n y Arqueometr\u00eda (InDyA) que estar\u00e1 equipado con avanzada tecnolog\u00eda. <\/strong><strong>Por la tarde, a partir de las 16:00 hs habr\u00e1 una reuni\u00f3n de trabajo con directivos e investigadores de esta Facultad.\u00a0<\/strong><!--more--><\/p>\n<p style=\"text-align: justify;\">Desde mediados del siglo XX, la dataci\u00f3n radiocarb\u00f3nica, m\u00e1s conocida como \u201cdataci\u00f3n por Carbono 14\u201d, ha brindado sus invalorables servicios a la reconstrucci\u00f3n de la historia del ser humano sobre la tierra, la evoluci\u00f3n de la fauna y la flora y los procesos geol\u00f3gicos de los \u00faltimos 50000 a\u00f1os. En \u00e9pocas recientes la ciencia y la tecnolog\u00eda le dieron una nueva vuelta de tuerca a esta t\u00e9cnica isot\u00f3pica permitiendo una mayor precisi\u00f3n en las dataciones y posibilitando asignar cronolog\u00eda a partir de una cantidad de muestra sumamente inferior a la que se precisa para la dataci\u00f3n radiocarb\u00f3nica tradicional. Como la t\u00e9cnica en s\u00ed es destructiva, esto redunda en una mayor y mejor preservaci\u00f3n del patrimonio arqueol\u00f3gico y paleontol\u00f3gico. Se trata de la Espectrometr\u00eda de Masas por Acelerador (AMS) que, adem\u00e1s de mejorar en gran medida la dataci\u00f3n radiocarb\u00f3nica tradicional, permite muchas otras aplicaciones en las que se quiera aislar y cuantificar is\u00f3topos (a\u00fan los estables).<\/p>\n<p style=\"text-align: justify;\">La infraestructura y el equipamiento necesarios para AMS son de punta y muy costosos por lo que en Latinoam\u00e9rica se implementa en muy pocos pa\u00edses (hasta ahora solo en M\u00e9xico y Brasil). Argentina est\u00e1 ingresando a este selecto grupo mediante la puesta en marcha de un avanzado centro de investigaci\u00f3n en la provincia de Jujuy, el Instituto de Dataci\u00f3n y Arqueometr\u00eda \u201cInDyA\u201d del cu\u00e1l la UNT es socia, junto con el CONICET, la Universidad Nacional de Jujuy y el Gobierno de la provincia de Jujuy. El InDyA tambi\u00e9n abarca muchas otras plataformas anal\u00edticas relacionadas con la Arqueometr\u00eda y el estudio del Patrimonio Biocultural.<\/p>\n<p style=\"text-align: justify;\">Justamente, el pr\u00f3ximo mi\u00e9rcoles 25 de setiembre, a 12:30 hs, sus directivos, acompa\u00f1ados por investigadores de la Comisi\u00f3n Nacional de Energ\u00eda At\u00f3mica (CNEA) presentar\u00e1n a este nuevo centro, su infraestructura actual, sus capacidades proyectadas y las m\u00faltiples posibilidades de interacci\u00f3n con estudiantes, docentes e investigadores de la FACET. La cita es en la Facultad de Ciencias Exactas y Tecnolog\u00eda, en la Sala de Medios Audiovisuales, Block 3, primer piso y estar\u00e1 abierta a todo p\u00fablico.<\/p>\n<p style=\"text-align: justify;\">Por la tarde, a partir de las 16:00 hs habr\u00e1 una reuni\u00f3n de trabajo con directivos e investigadores de esta Facultad. Aquellos investigadores que deseen sumarse a la reuni\u00f3n vespertina, por favor, contactarse con el Ing. Miguel \u00c1ngel Carrillo (<a href=\"mailto:mcarrillo@herrera.unt.edu.ar\">mcarrillo@herrera.unt.edu.ar<\/a>).<\/p>\n<p><a href=\"https:\/\/www.facet.unt.edu.ar\/facetinforma\/wp-content\/uploads\/sites\/9\/2019\/09\/Afiche-presentacion-InDyA.png\"><img decoding=\"async\" loading=\"lazy\" class=\"aligncenter wp-image-19331\" src=\"https:\/\/www.facet.unt.edu.ar\/facetinforma\/wp-content\/uploads\/sites\/9\/2019\/09\/Afiche-presentacion-InDyA-768x1024.png\" alt=\"\" width=\"567\" height=\"756\" srcset=\"https:\/\/www.facet.unt.edu.ar\/facetinforma\/wp-content\/uploads\/sites\/9\/2019\/09\/Afiche-presentacion-InDyA-768x1024.png 768w, https:\/\/www.facet.unt.edu.ar\/facetinforma\/wp-content\/uploads\/sites\/9\/2019\/09\/Afiche-presentacion-InDyA-225x300.png 225w, https:\/\/www.facet.unt.edu.ar\/facetinforma\/wp-content\/uploads\/sites\/9\/2019\/09\/Afiche-presentacion-InDyA.png 1008w\" sizes=\"(max-width: 567px) 100vw, 567px\" \/><\/a><\/p>\n","protected":false},"excerpt":{"rendered":"<p>El pr\u00f3ximo mi\u00e9rcoles 25 de septiembre, a las 12:30 hs, en la Sala de Medios Audiovisuales de la FACET se presentar\u00e1, con acceso libre para toda la comunidad universitaria, un nuevo centro de investigaci\u00f3n de cu\u00e1druple dependencia en el que la UNT es parte conjuntamente con el CONICET, la Universidad Nacional de Jujuy y el [&hellip;]<\/p>\n","protected":false},"author":6,"featured_media":0,"comment_status":"closed","ping_status":"closed","sticky":false,"template":"","format":"standard","meta":[],"categories":[5],"tags":[],"_links":{"self":[{"href":"https:\/\/www.facet.unt.edu.ar\/facetinforma\/wp-json\/wp\/v2\/posts\/19330"}],"collection":[{"href":"https:\/\/www.facet.unt.edu.ar\/facetinforma\/wp-json\/wp\/v2\/posts"}],"about":[{"href":"https:\/\/www.facet.unt.edu.ar\/facetinforma\/wp-json\/wp\/v2\/types\/post"}],"author":[{"embeddable":true,"href":"https:\/\/www.facet.unt.edu.ar\/facetinforma\/wp-json\/wp\/v2\/users\/6"}],"replies":[{"embeddable":true,"href":"https:\/\/www.facet.unt.edu.ar\/facetinforma\/wp-json\/wp\/v2\/comments?post=19330"}],"version-history":[{"count":4,"href":"https:\/\/www.facet.unt.edu.ar\/facetinforma\/wp-json\/wp\/v2\/posts\/19330\/revisions"}],"predecessor-version":[{"id":19340,"href":"https:\/\/www.facet.unt.edu.ar\/facetinforma\/wp-json\/wp\/v2\/posts\/19330\/revisions\/19340"}],"wp:attachment":[{"href":"https:\/\/www.facet.unt.edu.ar\/facetinforma\/wp-json\/wp\/v2\/media?parent=19330"}],"wp:term":[{"taxonomy":"category","embeddable":true,"href":"https:\/\/www.facet.unt.edu.ar\/facetinforma\/wp-json\/wp\/v2\/categories?post=19330"},{"taxonomy":"post_tag","embeddable":true,"href":"https:\/\/www.facet.unt.edu.ar\/facetinforma\/wp-json\/wp\/v2\/tags?post=19330"}],"curies":[{"name":"wp","href":"https:\/\/api.w.org\/{rel}","templated":true}]}}