{"id":1935,"date":"2012-09-27T09:00:05","date_gmt":"2012-09-27T09:00:05","guid":{"rendered":"http:\/\/www1.herrera.unt.edu.ar\/facetinforma\/?p=1935"},"modified":"2012-09-27T09:00:05","modified_gmt":"2012-09-27T09:00:05","slug":"invitacion-a-charla-uso-y-abuso-de-la-iluminacion-con-leds","status":"publish","type":"post","link":"https:\/\/www.facet.unt.edu.ar\/facetinforma\/2012\/09\/27\/invitacion-a-charla-uso-y-abuso-de-la-iluminacion-con-leds\/","title":{"rendered":"Invitaci\u00f3n a Charla USO Y ABUSO DE LA ILUMINACI\u00d3N CON LED\u2019S"},"content":{"rendered":"<p style=\"text-align: justify\">La charla: \u201c<strong>USO Y ABUSO DE LA ILUMINACI\u00d3N CON LED\u2019S\u201d<\/strong>, a cargo del Ing. Luis Schmid, se realizar\u00e1 el d\u00eda <strong>Jueves 27 de Septiembre 2012<\/strong> a horas <strong>19:00<\/strong>, en el <strong>Aula A<\/strong> del Departamento de Luminotecnia Luz y Visi\u00f3n, Av. Independencia 1800.Tel 4361936.<\/p>\n<p style=\"text-align: justify\"><strong>Resumen:<\/strong> Se est\u00e1 verificando en algunas obras ejecutadas con LED\u2019s, que estas excelentes lamparitas no dan todo lo que se les hab\u00eda prometido a los usuarios.\u00a0 Este problema del mercado tiene varias causales: los usuarios, la prensa, las empresas \u00a0fabricantes, \u00a0los importadores y los instaladores. En la charla se analiza la responsabilidad de cada uno de los sectores citando realizaciones concretas.<\/p>\n<p style=\"text-align: justify\"><strong>Disertante:<\/strong> Ing. Luis Schmid.<br \/>Ingeniero Electricista recibido en la Facultad de Ingenier\u00eda, UBA.<br \/> Especializado en Ventas en la Fundaci\u00f3n de Altos Estudios, UCES.<br \/> Especializado en Marketing en la Escuela Harvard (USA) e Instituto XEROX (USA).<br \/> T\u00e9cnico Universitario en Periodismo recibido en la Universidad Cat\u00f3lica Argentina.<\/p>\n<p style=\"text-align: justify\">Ha sido Jefe de Ventas a Industrias en SIEMENS S.A.; Gerente de Ventas T\u00e9cnicas y Sistemas Lum\u00ednicos en General Electric Argentina. Desde 1985 hasta el 2011 ha sido el\u00a0Gerente de Marketing de OSRAM Argentina SACI. Es actualmente el\u00a0 Presidente de la Asociaci\u00f3n Argentina de Luminotecnia, Centro BA y Nacional.<\/p>\n<p style=\"text-align: justify\"><strong>Organizan<\/strong>: AADL CRNOA y DLLyV-UNT.<\/p>\n<p style=\"text-align: justify\">Atte.,<\/p>\n<h6><span style=\"font-size: x-small;font-family: times new roman,times\">&#8212; <\/span><br \/><span style=\"font-size: x-small;font-family: times new roman,times\"> Eduardo Manzano<\/span><br \/><span style=\"font-size: x-small;font-family: times new roman,times\"> Jefe del Dto. de Luminotecnia Luz y Visi\u00f3n<\/span><br \/><span style=\"font-size: x-small;font-family: times new roman,times\"> Director de la Maestr\u00eda en Luminotecnia<\/span><br \/><span style=\"font-size: x-small;font-family: times new roman,times\"> Facultad de Ciencias Exactas y Tecnolog\u00eda<\/span><br \/><span style=\"font-size: x-small;font-family: times new roman,times\"> Universidad Nacional de Tucum\u00e1n<\/span><br \/><span style=\"font-size: x-small;font-family: times new roman,times\"> Av Independencia 1800 &#8211; 4000 &#8211; Tucum\u00e1n &#8211; Argentina<\/span><br \/><span style=\"font-size: x-small;font-family: times new roman,times\"> Tel: 0054 381 4361936 &#8211; 0054 381 4364093 &#8211; 7715\/7855<\/span><br \/><span style=\"font-size: x-small;font-family: times new roman,times\"> <a href=\"mailto:emanzano@herrera.unt.edu.ar\" target=\"_blank\">emanzano@herrera.unt.edu.ar<\/a><\/span><br \/><span style=\"font-size: x-small;font-family: times new roman,times\"> <a href=\"http:\/\/www.herrera.unt.edu.ar\/dllyv\/\" target=\"_blank\">http:\/\/www.herrera.unt.edu.ar\/dllyv\/<\/a><\/span><br \/><span style=\"font-size: x-small;font-family: times new roman,times\"> <a href=\"http:\/\/magisterenluminotecnia.blogspot.com\/\" target=\"_blank\">http:\/\/magisterenluminotecnia.blogspot.com\/<\/a><\/span><\/h6>\n","protected":false},"excerpt":{"rendered":"<p>La charla: \u201cUSO Y ABUSO DE LA ILUMINACI\u00d3N CON LED\u2019S\u201d, a cargo del Ing. Luis Schmid, se realizar\u00e1 el d\u00eda Jueves 27 de Septiembre 2012 a horas 19:00, en el Aula A del Departamento de Luminotecnia Luz y Visi\u00f3n, Av. Independencia 1800.Tel 4361936. Resumen: Se est\u00e1 verificando en algunas obras ejecutadas con LED\u2019s, que estas [&hellip;]<\/p>\n","protected":false},"author":6,"featured_media":0,"comment_status":"closed","ping_status":"open","sticky":false,"template":"","format":"standard","meta":[],"categories":[5],"tags":[],"_links":{"self":[{"href":"https:\/\/www.facet.unt.edu.ar\/facetinforma\/wp-json\/wp\/v2\/posts\/1935"}],"collection":[{"href":"https:\/\/www.facet.unt.edu.ar\/facetinforma\/wp-json\/wp\/v2\/posts"}],"about":[{"href":"https:\/\/www.facet.unt.edu.ar\/facetinforma\/wp-json\/wp\/v2\/types\/post"}],"author":[{"embeddable":true,"href":"https:\/\/www.facet.unt.edu.ar\/facetinforma\/wp-json\/wp\/v2\/users\/6"}],"replies":[{"embeddable":true,"href":"https:\/\/www.facet.unt.edu.ar\/facetinforma\/wp-json\/wp\/v2\/comments?post=1935"}],"version-history":[{"count":0,"href":"https:\/\/www.facet.unt.edu.ar\/facetinforma\/wp-json\/wp\/v2\/posts\/1935\/revisions"}],"wp:attachment":[{"href":"https:\/\/www.facet.unt.edu.ar\/facetinforma\/wp-json\/wp\/v2\/media?parent=1935"}],"wp:term":[{"taxonomy":"category","embeddable":true,"href":"https:\/\/www.facet.unt.edu.ar\/facetinforma\/wp-json\/wp\/v2\/categories?post=1935"},{"taxonomy":"post_tag","embeddable":true,"href":"https:\/\/www.facet.unt.edu.ar\/facetinforma\/wp-json\/wp\/v2\/tags?post=1935"}],"curies":[{"name":"wp","href":"https:\/\/api.w.org\/{rel}","templated":true}]}}