{"id":1949,"date":"2012-09-27T01:34:14","date_gmt":"2012-09-27T01:34:14","guid":{"rendered":"http:\/\/www1.herrera.unt.edu.ar\/facetinforma\/?p=1949"},"modified":"2012-09-27T01:34:14","modified_gmt":"2012-09-27T01:34:14","slug":"inauguracion-viii-jornadas-de-ciencia-y-tecnologia-codinoa","status":"publish","type":"post","link":"https:\/\/www.facet.unt.edu.ar\/facetinforma\/2012\/09\/27\/inauguracion-viii-jornadas-de-ciencia-y-tecnologia-codinoa\/","title":{"rendered":"Inauguraci\u00f3n VIII Jornadas de Ciencia y Tecnolog\u00eda CODINOA"},"content":{"rendered":"<p style=\"text-align: justify\">Con motivo de dar inicio a las VIII Jornadas de Ciencia y Tecnolog\u00eda de Facultades de Ingenier\u00eda del NOA, se invita a la Comunidad de esta Facultad a participar del Acto de Inauguraci\u00f3n de la misma, el cual se llevar\u00e1 a cabo en el Auditorium del Departamento de Luminotecnia, Luz y Visi\u00f3n a hs. 18:30. <br \/> Durante el mismo la Prof. Gabriela Lupia\u00f1ez disertar\u00e1 sobre las implicancias, 200 a\u00f1os despu\u00e9s de la Batalla de Tucum\u00e1n, nuevas miradas sobre viejos acontecimientos.<br \/> Esperando contar con su valiosa presencia, saludo a usted con distinguida consideraci\u00f3n.<\/p>\n<h6><span style=\"font-size: x-small;font-family: times new roman,times\">&#8212;<\/span><br \/><span style=\"font-size: x-small;font-family: times new roman,times\"> Ing. Sergio Pagani<\/span><br \/><span style=\"font-size: x-small;font-family: times new roman,times\"> Decano FACET<\/span> <\/h6>\n","protected":false},"excerpt":{"rendered":"<p>Con motivo de dar inicio a las VIII Jornadas de Ciencia y Tecnolog\u00eda de Facultades de Ingenier\u00eda del NOA, se invita a la Comunidad de esta Facultad a participar del Acto de Inauguraci\u00f3n de la misma, el cual se llevar\u00e1 a cabo en el Auditorium del Departamento de Luminotecnia, Luz y Visi\u00f3n a hs. 18:30. [&hellip;]<\/p>\n","protected":false},"author":6,"featured_media":0,"comment_status":"closed","ping_status":"open","sticky":false,"template":"","format":"standard","meta":[],"categories":[5],"tags":[],"_links":{"self":[{"href":"https:\/\/www.facet.unt.edu.ar\/facetinforma\/wp-json\/wp\/v2\/posts\/1949"}],"collection":[{"href":"https:\/\/www.facet.unt.edu.ar\/facetinforma\/wp-json\/wp\/v2\/posts"}],"about":[{"href":"https:\/\/www.facet.unt.edu.ar\/facetinforma\/wp-json\/wp\/v2\/types\/post"}],"author":[{"embeddable":true,"href":"https:\/\/www.facet.unt.edu.ar\/facetinforma\/wp-json\/wp\/v2\/users\/6"}],"replies":[{"embeddable":true,"href":"https:\/\/www.facet.unt.edu.ar\/facetinforma\/wp-json\/wp\/v2\/comments?post=1949"}],"version-history":[{"count":0,"href":"https:\/\/www.facet.unt.edu.ar\/facetinforma\/wp-json\/wp\/v2\/posts\/1949\/revisions"}],"wp:attachment":[{"href":"https:\/\/www.facet.unt.edu.ar\/facetinforma\/wp-json\/wp\/v2\/media?parent=1949"}],"wp:term":[{"taxonomy":"category","embeddable":true,"href":"https:\/\/www.facet.unt.edu.ar\/facetinforma\/wp-json\/wp\/v2\/categories?post=1949"},{"taxonomy":"post_tag","embeddable":true,"href":"https:\/\/www.facet.unt.edu.ar\/facetinforma\/wp-json\/wp\/v2\/tags?post=1949"}],"curies":[{"name":"wp","href":"https:\/\/api.w.org\/{rel}","templated":true}]}}