{"id":19506,"date":"2019-10-09T10:10:42","date_gmt":"2019-10-09T13:10:42","guid":{"rendered":"https:\/\/www.facet.unt.edu.ar\/facetinforma\/?p=19506"},"modified":"2019-10-11T10:53:46","modified_gmt":"2019-10-11T13:53:46","slug":"curso-de-posgrado-fenomenos-solares-su-efecto-en-el-medio-terrestre-introduccion-a-la-meteorologia-espacial","status":"publish","type":"post","link":"https:\/\/www.facet.unt.edu.ar\/facetinforma\/2019\/10\/09\/curso-de-posgrado-fenomenos-solares-su-efecto-en-el-medio-terrestre-introduccion-a-la-meteorologia-espacial\/","title":{"rendered":"Curso de Posgrado \u201cFen\u00f3menos solares, su efecto en el medio terrestre. Introducci\u00f3n a la Meteorolog\u00eda Espacial\u201d"},"content":{"rendered":"<div id=\"pl-19506\"  class=\"panel-layout\"><div id=\"pg-19506-0\"  class=\"panel-grid panel-no-style\"><div id=\"pgc-19506-0-0\"  class=\"panel-grid-cell\"><div id=\"panel-19506-0-0-0\" class=\"so-panel widget widget_black-studio-tinymce widget_black_studio_tinymce panel-first-child panel-last-child\" data-index=\"0\"><div class=\"textwidget\"><p><a href=\"https:\/\/www.facet.unt.edu.ar\/facetinforma\/wp-content\/uploads\/sites\/9\/2019\/10\/fe\u00f3menos-solares.png\"><img class=\"aligncenter size-full wp-image-19534\" src=\"https:\/\/www.facet.unt.edu.ar\/facetinforma\/wp-content\/uploads\/sites\/9\/2019\/10\/fe\u00f3menos-solares.png\" alt=\"\" width=\"940\" height=\"788\" \/><\/a><\/p>\n<\/div><\/div><\/div><div id=\"pgc-19506-0-1\"  class=\"panel-grid-cell\"><div id=\"panel-19506-0-1-0\" class=\"so-panel widget widget_sow-editor panel-first-child panel-last-child\" data-index=\"1\"><div\n\t\t\t\n\t\t\tclass=\"so-widget-sow-editor so-widget-sow-editor-base\">\n<div class=\"siteorigin-widget-tinymce textwidget\">\n\t<p style=\"text-align: justify;\">Se invita a la comunidad universitaria a participar del curso de posgrado <strong>\u201cFen\u00f3menos solares, su efecto en el medio terrestre. Introducci\u00f3n a la Meteorolog\u00eda Espacial\u201d<\/strong>, que dar\u00e1 inicio el pr\u00f3ximo <strong>16 de Octubre<\/strong>, a las <strong>9:00 hs<\/strong>, a cargo de la <strong>Dra. Marta M. Zossi<\/strong> (INFINOA (CONICET-UNT)).<\/p><\/div><\/div><\/div><\/div><\/div><\/div><p><a class=\"more-link\" href=\"https:\/\/www.facet.unt.edu.ar\/facetinforma\/2019\/10\/09\/curso-de-posgrado-fenomenos-solares-su-efecto-en-el-medio-terrestre-introduccion-a-la-meteorologia-espacial\/\">Leer m\u00e1s<span class=\"meta-nav\">&rarr;<\/span><\/a><\/p>","protected":false},"excerpt":{"rendered":"<p>Se invita a la comunidad universitaria a participar del curso de posgrado \u201cFen\u00f3menos solares, su efecto en el medio terrestre. Introducci\u00f3n a la Meteorolog\u00eda Espacial\u201d, que dar\u00e1 inicio el pr\u00f3ximo 16 de Octubre, a las 9:00 hs, a cargo de la Dra. Marta M. Zossi (INFINOA (CONICET-UNT)). El objetivo de este curso de posgrado es [&hellip;]<\/p>\n","protected":false},"author":6,"featured_media":0,"comment_status":"closed","ping_status":"closed","sticky":false,"template":"","format":"standard","meta":[],"categories":[5,4],"tags":[],"_links":{"self":[{"href":"https:\/\/www.facet.unt.edu.ar\/facetinforma\/wp-json\/wp\/v2\/posts\/19506"}],"collection":[{"href":"https:\/\/www.facet.unt.edu.ar\/facetinforma\/wp-json\/wp\/v2\/posts"}],"about":[{"href":"https:\/\/www.facet.unt.edu.ar\/facetinforma\/wp-json\/wp\/v2\/types\/post"}],"author":[{"embeddable":true,"href":"https:\/\/www.facet.unt.edu.ar\/facetinforma\/wp-json\/wp\/v2\/users\/6"}],"replies":[{"embeddable":true,"href":"https:\/\/www.facet.unt.edu.ar\/facetinforma\/wp-json\/wp\/v2\/comments?post=19506"}],"version-history":[{"count":4,"href":"https:\/\/www.facet.unt.edu.ar\/facetinforma\/wp-json\/wp\/v2\/posts\/19506\/revisions"}],"predecessor-version":[{"id":19535,"href":"https:\/\/www.facet.unt.edu.ar\/facetinforma\/wp-json\/wp\/v2\/posts\/19506\/revisions\/19535"}],"wp:attachment":[{"href":"https:\/\/www.facet.unt.edu.ar\/facetinforma\/wp-json\/wp\/v2\/media?parent=19506"}],"wp:term":[{"taxonomy":"category","embeddable":true,"href":"https:\/\/www.facet.unt.edu.ar\/facetinforma\/wp-json\/wp\/v2\/categories?post=19506"},{"taxonomy":"post_tag","embeddable":true,"href":"https:\/\/www.facet.unt.edu.ar\/facetinforma\/wp-json\/wp\/v2\/tags?post=19506"}],"curies":[{"name":"wp","href":"https:\/\/api.w.org\/{rel}","templated":true}]}}