{"id":19688,"date":"2019-10-31T13:06:42","date_gmt":"2019-10-31T16:06:42","guid":{"rendered":"https:\/\/www.facet.unt.edu.ar\/facetinforma\/?p=19688"},"modified":"2019-10-31T13:27:42","modified_gmt":"2019-10-31T16:27:42","slug":"curso-de-posgrado-biosensores-y-microsistemas-2","status":"publish","type":"post","link":"https:\/\/www.facet.unt.edu.ar\/facetinforma\/2019\/10\/31\/curso-de-posgrado-biosensores-y-microsistemas-2\/","title":{"rendered":"Curso de Posgrado \u201cBiosensores y Microsistemas\u201d"},"content":{"rendered":"<div id=\"pl-19688\"  class=\"panel-layout\"><div id=\"pg-19688-0\"  class=\"panel-grid panel-no-style\"><div id=\"pgc-19688-0-0\"  class=\"panel-grid-cell\"><div id=\"panel-19688-0-0-0\" class=\"so-panel widget widget_black-studio-tinymce widget_black_studio_tinymce panel-first-child panel-last-child\" data-index=\"0\"><div class=\"textwidget\"><p><a href=\"https:\/\/www.facet.unt.edu.ar\/facetinforma\/wp-content\/uploads\/sites\/9\/2019\/10\/curso-de-posgrado-biosensores.jpg\"><img class=\"aligncenter size-large wp-image-19689\" src=\"https:\/\/www.facet.unt.edu.ar\/facetinforma\/wp-content\/uploads\/sites\/9\/2019\/10\/curso-de-posgrado-biosensores-771x1024.jpg\" alt=\"\" width=\"720\" height=\"956\" \/><\/a><\/p>\n<\/div><\/div><\/div><div id=\"pgc-19688-0-1\"  class=\"panel-grid-cell\"><div id=\"panel-19688-0-1-0\" class=\"so-panel widget widget_sow-editor panel-first-child panel-last-child\" data-index=\"1\"><div\n\t\t\t\n\t\t\tclass=\"so-widget-sow-editor so-widget-sow-editor-base\">\n<div class=\"siteorigin-widget-tinymce textwidget\">\n\t<p style=\"text-align: justify;\">El pr\u00f3ximo <strong>lunes 04 de noviembre<\/strong>\u00a0dar\u00e1 inicio en la FACET el curso de posgrado <strong>\u201cBiosensores y Microsistemas\u201d<\/strong>, a cargo de los doctores: <strong>Rossana Elena Madrid, Carmelo Jos\u00e9 Felice, Carla Bel\u00e9n Goy, Carlos Grellet Bournonville y Ricardo Mat\u00edas Trujillo<\/strong>. El mismo tendr\u00e1 una carga horaria de 80 horas.<\/p><\/div><\/div><\/div><\/div><\/div><\/div><p><a class=\"more-link\" href=\"https:\/\/www.facet.unt.edu.ar\/facetinforma\/2019\/10\/31\/curso-de-posgrado-biosensores-y-microsistemas-2\/\">Leer m\u00e1s<span class=\"meta-nav\">&rarr;<\/span><\/a><\/p>","protected":false},"excerpt":{"rendered":"<p>El pr\u00f3ximo lunes 04 de noviembre\u00a0dar\u00e1 inicio en la FACET el curso de posgrado \u201cBiosensores y Microsistemas\u201d, a cargo de los doctores: Rossana Elena Madrid, Carmelo Jos\u00e9 Felice, Carla Bel\u00e9n Goy, Carlos Grellet Bournonville y Ricardo Mat\u00edas Trujillo. El mismo tendr\u00e1 una carga horaria de 80 horas. Fecha: del 04 al 13 de Noviembre de [&hellip;]<\/p>\n","protected":false},"author":6,"featured_media":0,"comment_status":"closed","ping_status":"closed","sticky":false,"template":"","format":"standard","meta":[],"categories":[5,4],"tags":[],"_links":{"self":[{"href":"https:\/\/www.facet.unt.edu.ar\/facetinforma\/wp-json\/wp\/v2\/posts\/19688"}],"collection":[{"href":"https:\/\/www.facet.unt.edu.ar\/facetinforma\/wp-json\/wp\/v2\/posts"}],"about":[{"href":"https:\/\/www.facet.unt.edu.ar\/facetinforma\/wp-json\/wp\/v2\/types\/post"}],"author":[{"embeddable":true,"href":"https:\/\/www.facet.unt.edu.ar\/facetinforma\/wp-json\/wp\/v2\/users\/6"}],"replies":[{"embeddable":true,"href":"https:\/\/www.facet.unt.edu.ar\/facetinforma\/wp-json\/wp\/v2\/comments?post=19688"}],"version-history":[{"count":2,"href":"https:\/\/www.facet.unt.edu.ar\/facetinforma\/wp-json\/wp\/v2\/posts\/19688\/revisions"}],"predecessor-version":[{"id":19692,"href":"https:\/\/www.facet.unt.edu.ar\/facetinforma\/wp-json\/wp\/v2\/posts\/19688\/revisions\/19692"}],"wp:attachment":[{"href":"https:\/\/www.facet.unt.edu.ar\/facetinforma\/wp-json\/wp\/v2\/media?parent=19688"}],"wp:term":[{"taxonomy":"category","embeddable":true,"href":"https:\/\/www.facet.unt.edu.ar\/facetinforma\/wp-json\/wp\/v2\/categories?post=19688"},{"taxonomy":"post_tag","embeddable":true,"href":"https:\/\/www.facet.unt.edu.ar\/facetinforma\/wp-json\/wp\/v2\/tags?post=19688"}],"curies":[{"name":"wp","href":"https:\/\/api.w.org\/{rel}","templated":true}]}}