{"id":19705,"date":"2019-11-01T09:00:54","date_gmt":"2019-11-01T12:00:54","guid":{"rendered":"https:\/\/www.facet.unt.edu.ar\/facetinforma\/?p=19705"},"modified":"2019-11-01T13:05:06","modified_gmt":"2019-11-01T16:05:06","slug":"curso-experiencias-clinicas-y-tecnologicas-con-exoesqueletos-en-iberoamerica-inti","status":"publish","type":"post","link":"https:\/\/www.facet.unt.edu.ar\/facetinforma\/2019\/11\/01\/curso-experiencias-clinicas-y-tecnologicas-con-exoesqueletos-en-iberoamerica-inti\/","title":{"rendered":"Curso \u201cExperiencias Cl\u00ednicas y Tecnol\u00f3gicas con Exoesqueletos en Iberoam\u00e9rica\u201d &#8211; INTI"},"content":{"rendered":"<div id=\"pl-19705\"  class=\"panel-layout\"><div id=\"pg-19705-0\"  class=\"panel-grid panel-no-style\"><div id=\"pgc-19705-0-0\"  class=\"panel-grid-cell\"><div id=\"panel-19705-0-0-0\" class=\"so-panel widget widget_sow-editor panel-first-child panel-last-child\" data-index=\"0\"><div\n\t\t\t\n\t\t\tclass=\"so-widget-sow-editor so-widget-sow-editor-base\">\n<div class=\"siteorigin-widget-tinymce textwidget\">\n\t<p style=\"text-align: justify;\">Se invita a la comunidad universitaria a participar del curso<strong> \u201cExperiencias Cl\u00ednicas y Tecnol\u00f3gicas con Exoesqueletos en Iberoam\u00e9rica\u201d<\/strong>, que se realizar\u00e1 el d\u00eda<strong> martes 19 de noviembre, <\/strong>de <strong>9.00 a 13.00h<\/strong><strong>s<\/strong>, en el<strong> Auditorio del Instituto Nacional de Tecnolog\u00eda Industrial <\/strong>(Av. General Paz 5445 San Martin, Buenos Aires).<\/p><\/div><\/div><\/div><\/div><\/div><\/div><p><a class=\"more-link\" href=\"https:\/\/www.facet.unt.edu.ar\/facetinforma\/2019\/11\/01\/curso-experiencias-clinicas-y-tecnologicas-con-exoesqueletos-en-iberoamerica-inti\/\">Leer m\u00e1s<span class=\"meta-nav\">&rarr;<\/span><\/a><\/p>","protected":false},"excerpt":{"rendered":"<p>Se invita a la comunidad universitaria a participar del curso \u201cExperiencias Cl\u00ednicas y Tecnol\u00f3gicas con Exoesqueletos en Iberoam\u00e9rica\u201d, que se realizar\u00e1 el d\u00eda martes 19 de noviembre, de 9.00 a 13.00hs, en el Auditorio del Instituto Nacional de Tecnolog\u00eda Industrial (Av. General Paz 5445 San Martin, Buenos Aires).Objetivo: Presentar algunas experiencias en la concepci\u00f3n y [&hellip;]<\/p>\n","protected":false},"author":6,"featured_media":0,"comment_status":"closed","ping_status":"closed","sticky":false,"template":"","format":"standard","meta":[],"categories":[22,5],"tags":[],"_links":{"self":[{"href":"https:\/\/www.facet.unt.edu.ar\/facetinforma\/wp-json\/wp\/v2\/posts\/19705"}],"collection":[{"href":"https:\/\/www.facet.unt.edu.ar\/facetinforma\/wp-json\/wp\/v2\/posts"}],"about":[{"href":"https:\/\/www.facet.unt.edu.ar\/facetinforma\/wp-json\/wp\/v2\/types\/post"}],"author":[{"embeddable":true,"href":"https:\/\/www.facet.unt.edu.ar\/facetinforma\/wp-json\/wp\/v2\/users\/6"}],"replies":[{"embeddable":true,"href":"https:\/\/www.facet.unt.edu.ar\/facetinforma\/wp-json\/wp\/v2\/comments?post=19705"}],"version-history":[{"count":6,"href":"https:\/\/www.facet.unt.edu.ar\/facetinforma\/wp-json\/wp\/v2\/posts\/19705\/revisions"}],"predecessor-version":[{"id":19718,"href":"https:\/\/www.facet.unt.edu.ar\/facetinforma\/wp-json\/wp\/v2\/posts\/19705\/revisions\/19718"}],"wp:attachment":[{"href":"https:\/\/www.facet.unt.edu.ar\/facetinforma\/wp-json\/wp\/v2\/media?parent=19705"}],"wp:term":[{"taxonomy":"category","embeddable":true,"href":"https:\/\/www.facet.unt.edu.ar\/facetinforma\/wp-json\/wp\/v2\/categories?post=19705"},{"taxonomy":"post_tag","embeddable":true,"href":"https:\/\/www.facet.unt.edu.ar\/facetinforma\/wp-json\/wp\/v2\/tags?post=19705"}],"curies":[{"name":"wp","href":"https:\/\/api.w.org\/{rel}","templated":true}]}}