{"id":19743,"date":"2019-11-06T10:19:17","date_gmt":"2019-11-06T13:19:17","guid":{"rendered":"https:\/\/www.facet.unt.edu.ar\/facetinforma\/?p=19743"},"modified":"2019-11-06T10:29:32","modified_gmt":"2019-11-06T13:29:32","slug":"seminario-la-redefinicion-del-sistema-internacional-de-unidades-y-la-estructura-metrologica-argentina","status":"publish","type":"post","link":"https:\/\/www.facet.unt.edu.ar\/facetinforma\/2019\/11\/06\/seminario-la-redefinicion-del-sistema-internacional-de-unidades-y-la-estructura-metrologica-argentina\/","title":{"rendered":"Seminario \u201cLa Redefinici\u00f3n del Sistema Internacional de Unidades y la Estructura Metrol\u00f3gica Argentina\u201d"},"content":{"rendered":"<div id=\"pl-19743\"  class=\"panel-layout\"><div id=\"pg-19743-0\"  class=\"panel-grid panel-no-style\"><div id=\"pgc-19743-0-0\"  class=\"panel-grid-cell\"><div id=\"panel-19743-0-0-0\" class=\"so-panel widget widget_black-studio-tinymce widget_black_studio_tinymce panel-first-child panel-last-child\" data-index=\"0\"><div class=\"textwidget\"><p><a href=\"https:\/\/www.facet.unt.edu.ar\/facetinforma\/wp-content\/uploads\/sites\/9\/2019\/11\/seminario.jpg\"><img src=\"https:\/\/www.facet.unt.edu.ar\/facetinforma\/wp-content\/uploads\/sites\/9\/2019\/11\/seminario.jpg\" alt=\"\" width=\"758\" height=\"482\" class=\"aligncenter size-full wp-image-19744\" \/><\/a><\/p>\n<\/div><\/div><\/div><div id=\"pgc-19743-0-1\"  class=\"panel-grid-cell\"><div id=\"panel-19743-0-1-0\" class=\"so-panel widget widget_sow-editor panel-first-child panel-last-child\" data-index=\"1\"><div\n\t\t\t\n\t\t\tclass=\"so-widget-sow-editor so-widget-sow-editor-base\">\n<div class=\"siteorigin-widget-tinymce textwidget\">\n\t<p style=\"text-align: justify;\">Se invita a la comunidad universitaria a participar \u00a0del seminario sobre <strong>\"La Redefinici\u00f3n del Sistema Internacional de Unidades y la Estructura Metrol\u00f3gica Argentina\"<\/strong>, en donde se presentar\u00e1n los cambios en el Sistema Internacional de Unidades (SI), que entraron en vigencia el pasado 20 de mayo -y que incluyen la redefinici\u00f3n del kilogramo, el ampere, el kelvin y el mol. El mismo se realizar\u00e1 el d\u00eda <strong>jueves 14 de noviembre<\/strong>, a partir de las <strong>14:00 horas<\/strong>, en la <strong>Sala de Medios Audiovisuales<\/strong>, Block 3, 1er Piso de la FACET. <\/p><\/div><\/div><\/div><\/div><\/div><\/div><p><a class=\"more-link\" href=\"https:\/\/www.facet.unt.edu.ar\/facetinforma\/2019\/11\/06\/seminario-la-redefinicion-del-sistema-internacional-de-unidades-y-la-estructura-metrologica-argentina\/\">Leer m\u00e1s<span class=\"meta-nav\">&rarr;<\/span><\/a><\/p>","protected":false},"excerpt":{"rendered":"<p>Se invita a la comunidad universitaria a participar \u00a0del seminario sobre &#8220;La Redefinici\u00f3n del Sistema Internacional de Unidades y la Estructura Metrol\u00f3gica Argentina&#8221;, en donde se presentar\u00e1n los cambios en el Sistema Internacional de Unidades (SI), que entraron en vigencia el pasado 20 de mayo -y que incluyen la redefinici\u00f3n del kilogramo, el ampere, el [&hellip;]<\/p>\n","protected":false},"author":6,"featured_media":0,"comment_status":"closed","ping_status":"closed","sticky":false,"template":"","format":"standard","meta":[],"categories":[22,5],"tags":[],"_links":{"self":[{"href":"https:\/\/www.facet.unt.edu.ar\/facetinforma\/wp-json\/wp\/v2\/posts\/19743"}],"collection":[{"href":"https:\/\/www.facet.unt.edu.ar\/facetinforma\/wp-json\/wp\/v2\/posts"}],"about":[{"href":"https:\/\/www.facet.unt.edu.ar\/facetinforma\/wp-json\/wp\/v2\/types\/post"}],"author":[{"embeddable":true,"href":"https:\/\/www.facet.unt.edu.ar\/facetinforma\/wp-json\/wp\/v2\/users\/6"}],"replies":[{"embeddable":true,"href":"https:\/\/www.facet.unt.edu.ar\/facetinforma\/wp-json\/wp\/v2\/comments?post=19743"}],"version-history":[{"count":7,"href":"https:\/\/www.facet.unt.edu.ar\/facetinforma\/wp-json\/wp\/v2\/posts\/19743\/revisions"}],"predecessor-version":[{"id":19751,"href":"https:\/\/www.facet.unt.edu.ar\/facetinforma\/wp-json\/wp\/v2\/posts\/19743\/revisions\/19751"}],"wp:attachment":[{"href":"https:\/\/www.facet.unt.edu.ar\/facetinforma\/wp-json\/wp\/v2\/media?parent=19743"}],"wp:term":[{"taxonomy":"category","embeddable":true,"href":"https:\/\/www.facet.unt.edu.ar\/facetinforma\/wp-json\/wp\/v2\/categories?post=19743"},{"taxonomy":"post_tag","embeddable":true,"href":"https:\/\/www.facet.unt.edu.ar\/facetinforma\/wp-json\/wp\/v2\/tags?post=19743"}],"curies":[{"name":"wp","href":"https:\/\/api.w.org\/{rel}","templated":true}]}}