{"id":19778,"date":"2019-11-08T17:32:51","date_gmt":"2019-11-08T20:32:51","guid":{"rendered":"https:\/\/www.facet.unt.edu.ar\/facetinforma\/?p=19778"},"modified":"2019-11-08T19:39:13","modified_gmt":"2019-11-08T22:39:13","slug":"segundo-taller-latinoamericano-sobre-ciencias-de-la-vision-invision-t","status":"publish","type":"post","link":"https:\/\/www.facet.unt.edu.ar\/facetinforma\/2019\/11\/08\/segundo-taller-latinoamericano-sobre-ciencias-de-la-vision-invision-t\/","title":{"rendered":"2\u00b0 Taller Latinoamericano sobre Ciencias de la Visi\u00f3n \u201cinVision-T\u201d"},"content":{"rendered":"<div id=\"pl-19778\"  class=\"panel-layout\"><div id=\"pg-19778-0\"  class=\"panel-grid panel-no-style\"><div id=\"pgc-19778-0-0\"  class=\"panel-grid-cell\"><div id=\"panel-19778-0-0-0\" class=\"so-panel widget widget_black-studio-tinymce widget_black_studio_tinymce panel-first-child panel-last-child\" data-index=\"0\"><div class=\"textwidget\"><p><a href=\"https:\/\/www.facet.unt.edu.ar\/facetinforma\/wp-content\/uploads\/sites\/9\/2019\/11\/logo-inVisionT-2019-horizontal-1024x322.png\"><img class=\"aligncenter size-large wp-image-19779\" src=\"https:\/\/www.facet.unt.edu.ar\/facetinforma\/wp-content\/uploads\/sites\/9\/2019\/11\/logo-inVisionT-2019-horizontal-1024x322-1024x322.png\" alt=\"\" width=\"720\" height=\"226\" \/><\/a><\/p>\n<\/div><\/div><\/div><div id=\"pgc-19778-0-1\"  class=\"panel-grid-cell\"><div id=\"panel-19778-0-1-0\" class=\"so-panel widget widget_sow-editor panel-first-child panel-last-child\" data-index=\"1\"><div\n\t\t\t\n\t\t\tclass=\"so-widget-sow-editor so-widget-sow-editor-base\">\n<div class=\"siteorigin-widget-tinymce textwidget\">\n\t<p style=\"text-align: justify;\">El Departamento de Luminotecnia, Luz y Visi\u00f3n (DLLyV) de la FACET y el Instituto de Investigaci\u00f3n en Luz, Ambiente y Visi\u00f3n (ILAV, UNT - CONICET) invitan a participar del segundo <strong>Taller Latinoamericano sobre Ciencias de la Visi\u00f3n<\/strong>. El mismo se llevar\u00e1 a cabo los d\u00edas <strong>jueves 14 y viernes 15 de noviembre<\/strong>, a las <strong>9:00 hs<\/strong>, en la <strong>Residencia Universitaria de Horco Molle<\/strong>, Horco Molle, Tucum\u00e1n. <\/p><\/div><\/div><\/div><\/div><\/div><\/div><p><a class=\"more-link\" href=\"https:\/\/www.facet.unt.edu.ar\/facetinforma\/2019\/11\/08\/segundo-taller-latinoamericano-sobre-ciencias-de-la-vision-invision-t\/\">Leer m\u00e1s<span class=\"meta-nav\">&rarr;<\/span><\/a><\/p>","protected":false},"excerpt":{"rendered":"<p>El Departamento de Luminotecnia, Luz y Visi\u00f3n (DLLyV) de la FACET y el Instituto de Investigaci\u00f3n en Luz, Ambiente y Visi\u00f3n (ILAV, UNT &#8211; CONICET) invitan a participar del segundo Taller Latinoamericano sobre Ciencias de la Visi\u00f3n. El mismo se llevar\u00e1 a cabo los d\u00edas jueves 14 y viernes 15 de noviembre, a las 9:00 [&hellip;]<\/p>\n","protected":false},"author":6,"featured_media":0,"comment_status":"closed","ping_status":"closed","sticky":false,"template":"","format":"standard","meta":[],"categories":[22,5],"tags":[],"_links":{"self":[{"href":"https:\/\/www.facet.unt.edu.ar\/facetinforma\/wp-json\/wp\/v2\/posts\/19778"}],"collection":[{"href":"https:\/\/www.facet.unt.edu.ar\/facetinforma\/wp-json\/wp\/v2\/posts"}],"about":[{"href":"https:\/\/www.facet.unt.edu.ar\/facetinforma\/wp-json\/wp\/v2\/types\/post"}],"author":[{"embeddable":true,"href":"https:\/\/www.facet.unt.edu.ar\/facetinforma\/wp-json\/wp\/v2\/users\/6"}],"replies":[{"embeddable":true,"href":"https:\/\/www.facet.unt.edu.ar\/facetinforma\/wp-json\/wp\/v2\/comments?post=19778"}],"version-history":[{"count":2,"href":"https:\/\/www.facet.unt.edu.ar\/facetinforma\/wp-json\/wp\/v2\/posts\/19778\/revisions"}],"predecessor-version":[{"id":19793,"href":"https:\/\/www.facet.unt.edu.ar\/facetinforma\/wp-json\/wp\/v2\/posts\/19778\/revisions\/19793"}],"wp:attachment":[{"href":"https:\/\/www.facet.unt.edu.ar\/facetinforma\/wp-json\/wp\/v2\/media?parent=19778"}],"wp:term":[{"taxonomy":"category","embeddable":true,"href":"https:\/\/www.facet.unt.edu.ar\/facetinforma\/wp-json\/wp\/v2\/categories?post=19778"},{"taxonomy":"post_tag","embeddable":true,"href":"https:\/\/www.facet.unt.edu.ar\/facetinforma\/wp-json\/wp\/v2\/tags?post=19778"}],"curies":[{"name":"wp","href":"https:\/\/api.w.org\/{rel}","templated":true}]}}