{"id":19878,"date":"2019-11-20T17:27:19","date_gmt":"2019-11-20T20:27:19","guid":{"rendered":"https:\/\/www.facet.unt.edu.ar\/facetinforma\/?p=19878"},"modified":"2019-11-20T17:47:23","modified_gmt":"2019-11-20T20:47:23","slug":"taller-la-semiotica-de-la-luz-aplicada-en-el-diseno-y-evaluacion-de-iluminacion-arquitectonica","status":"publish","type":"post","link":"https:\/\/www.facet.unt.edu.ar\/facetinforma\/2019\/11\/20\/taller-la-semiotica-de-la-luz-aplicada-en-el-diseno-y-evaluacion-de-iluminacion-arquitectonica\/","title":{"rendered":"Taller \u201cLa Semi\u00f3tica de la Luz Aplicada en el Dise\u00f1o y Evaluaci\u00f3n de Iluminaci\u00f3n Arquitect\u00f3nica\u201d"},"content":{"rendered":"<div id=\"pl-19878\"  class=\"panel-layout\"><div id=\"pg-19878-0\"  class=\"panel-grid panel-no-style\"><div id=\"pgc-19878-0-0\"  class=\"panel-grid-cell\"><div id=\"panel-19878-0-0-0\" class=\"so-panel widget widget_black-studio-tinymce widget_black_studio_tinymce panel-first-child panel-last-child\" data-index=\"0\"><div class=\"textwidget\"><p><a href=\"https:\/\/www.facet.unt.edu.ar\/facetinforma\/wp-content\/uploads\/sites\/9\/2019\/11\/Taller-Semi\u00f3tica.png\"><img class=\"aligncenter size-full wp-image-19879\" src=\"https:\/\/www.facet.unt.edu.ar\/facetinforma\/wp-content\/uploads\/sites\/9\/2019\/11\/Taller-Semi\u00f3tica.png\" alt=\"\" width=\"940\" height=\"788\" \/><\/a><\/p>\n<\/div><\/div><\/div><div id=\"pgc-19878-0-1\"  class=\"panel-grid-cell\"><div id=\"panel-19878-0-1-0\" class=\"so-panel widget widget_sow-editor panel-first-child panel-last-child\" data-index=\"1\"><div\n\t\t\t\n\t\t\tclass=\"so-widget-sow-editor so-widget-sow-editor-base\">\n<div class=\"siteorigin-widget-tinymce textwidget\">\n\t<p style=\"text-align: justify;\">El Departamento de Luminotecnia, Luz y Visi\u00f3n (DLLyV) de la FACET invita a estudiantes, docentes y p\u00fablico en general a participar del taller <strong>\u201cLa Semi\u00f3tica de la Luz Aplicada en el Dise\u00f1o y Evaluaci\u00f3n de Iluminaci\u00f3n Arquitect\u00f3nica\u201d<\/strong>, a cargo del <strong>Mg. Ing. Mario Raitelli<\/strong>. El mismo se realizar\u00e1 el d\u00eda <strong>jueves 28 de noviembre<\/strong>, de <strong>17:00 a 20:00 hs<\/strong>, en el <strong>DLLyV<\/strong>,\u00a0FACET-UNT.<\/p><\/div><\/div><\/div><\/div><\/div><\/div><p><a class=\"more-link\" href=\"https:\/\/www.facet.unt.edu.ar\/facetinforma\/2019\/11\/20\/taller-la-semiotica-de-la-luz-aplicada-en-el-diseno-y-evaluacion-de-iluminacion-arquitectonica\/\">Leer m\u00e1s<span class=\"meta-nav\">&rarr;<\/span><\/a><\/p>","protected":false},"excerpt":{"rendered":"<p>El Departamento de Luminotecnia, Luz y Visi\u00f3n (DLLyV) de la FACET invita a estudiantes, docentes y p\u00fablico en general a participar del taller \u201cLa Semi\u00f3tica de la Luz Aplicada en el Dise\u00f1o y Evaluaci\u00f3n de Iluminaci\u00f3n Arquitect\u00f3nica\u201d, a cargo del Mg. Ing. Mario Raitelli. El mismo se realizar\u00e1 el d\u00eda jueves 28 de noviembre, de [&hellip;]<\/p>\n","protected":false},"author":6,"featured_media":0,"comment_status":"closed","ping_status":"closed","sticky":false,"template":"","format":"standard","meta":[],"categories":[22,5],"tags":[],"_links":{"self":[{"href":"https:\/\/www.facet.unt.edu.ar\/facetinforma\/wp-json\/wp\/v2\/posts\/19878"}],"collection":[{"href":"https:\/\/www.facet.unt.edu.ar\/facetinforma\/wp-json\/wp\/v2\/posts"}],"about":[{"href":"https:\/\/www.facet.unt.edu.ar\/facetinforma\/wp-json\/wp\/v2\/types\/post"}],"author":[{"embeddable":true,"href":"https:\/\/www.facet.unt.edu.ar\/facetinforma\/wp-json\/wp\/v2\/users\/6"}],"replies":[{"embeddable":true,"href":"https:\/\/www.facet.unt.edu.ar\/facetinforma\/wp-json\/wp\/v2\/comments?post=19878"}],"version-history":[{"count":2,"href":"https:\/\/www.facet.unt.edu.ar\/facetinforma\/wp-json\/wp\/v2\/posts\/19878\/revisions"}],"predecessor-version":[{"id":19881,"href":"https:\/\/www.facet.unt.edu.ar\/facetinforma\/wp-json\/wp\/v2\/posts\/19878\/revisions\/19881"}],"wp:attachment":[{"href":"https:\/\/www.facet.unt.edu.ar\/facetinforma\/wp-json\/wp\/v2\/media?parent=19878"}],"wp:term":[{"taxonomy":"category","embeddable":true,"href":"https:\/\/www.facet.unt.edu.ar\/facetinforma\/wp-json\/wp\/v2\/categories?post=19878"},{"taxonomy":"post_tag","embeddable":true,"href":"https:\/\/www.facet.unt.edu.ar\/facetinforma\/wp-json\/wp\/v2\/tags?post=19878"}],"curies":[{"name":"wp","href":"https:\/\/api.w.org\/{rel}","templated":true}]}}