{"id":19903,"date":"2019-11-26T12:52:00","date_gmt":"2019-11-26T15:52:00","guid":{"rendered":"https:\/\/www.facet.unt.edu.ar\/facetinforma\/?p=19903"},"modified":"2019-11-26T14:10:44","modified_gmt":"2019-11-26T17:10:44","slug":"alumno-de-la-facet-obtuvo-una-beca-fulbright","status":"publish","type":"post","link":"https:\/\/www.facet.unt.edu.ar\/facetinforma\/2019\/11\/26\/alumno-de-la-facet-obtuvo-una-beca-fulbright\/","title":{"rendered":"Alumno de la FACET obtuvo una beca Fulbright"},"content":{"rendered":"<div id=\"pl-19903\"  class=\"panel-layout\" ><div id=\"pg-19903-0\"  class=\"panel-grid panel-no-style\" ><div id=\"pgc-19903-0-0\"  class=\"panel-grid-cell\" ><div id=\"panel-19903-0-0-0\" class=\"so-panel widget widget_black-studio-tinymce widget_black_studio_tinymce panel-first-child panel-last-child\" data-index=\"0\" ><div class=\"textwidget\"><p style=\"text-align: justify;\"><a href=\"https:\/\/www.facet.unt.edu.ar\/facetinforma\/wp-content\/uploads\/sites\/9\/2019\/11\/Congrats-Fulbright.jpeg\"><img class=\"aligncenter size-full wp-image-19904\" src=\"https:\/\/www.facet.unt.edu.ar\/facetinforma\/wp-content\/uploads\/sites\/9\/2019\/11\/Congrats-Fulbright.jpeg\" alt=\"\" width=\"1024\" height=\"1024\" \/><\/a><\/p>\n<p style=\"text-align: justify;\">\n<\/div><\/div><\/div><div id=\"pgc-19903-0-1\"  class=\"panel-grid-cell\" ><div id=\"panel-19903-0-1-0\" class=\"so-panel widget widget_sow-editor panel-first-child panel-last-child\" data-index=\"1\" ><div\n\t\t\t\n\t\t\tclass=\"so-widget-sow-editor so-widget-sow-editor-base\"\n\t\t\t\n\t\t>\n<div class=\"siteorigin-widget-tinymce textwidget\">\n\t<p style=\"text-align: justify;\">La FACET tiene el agrado de anunciar que el alumno <strong>Marcos ESTAP\u00c9<\/strong>, actualmente cursando estudios de grado en la carrera de Ingenier\u00eda Industrial (FACET - UNT), ha obtenido una beca FULBRIGHT para participar del Programa Corto, que se desarrollar\u00e1 en el\u00a0<em>Institute for Training and Development, Amherst, Massachussets<\/em>\u00a0del 11 de enero al 15 de Febrero de 2020.<\/p>\n<p style=\"text-align: justify;\">M\u00e1s informaci\u00f3n del ITDA en: <a href=\"http:\/\/www.itd-amherst.org\/\">http:\/\/www.itd-amherst.org\/<\/a><\/p>\n<\/div>\n<\/div><\/div><\/div><\/div><\/div>","protected":false},"excerpt":{"rendered":"<p>La FACET tiene el agrado de anunciar que el alumno Marcos ESTAP\u00c9, actualmente cursando estudios de grado en la carrera de Ingenier\u00eda Industrial (FACET &#8211; UNT), ha obtenido una beca FULBRIGHT para participar del Programa Corto, que se desarrollar\u00e1 en el\u00a0Institute for Training and Development, Amherst, Massachussets\u00a0del 11 de enero al 15 de Febrero de [&hellip;]<\/p>\n","protected":false},"author":6,"featured_media":0,"comment_status":"closed","ping_status":"closed","sticky":false,"template":"","format":"standard","meta":[],"categories":[3,5],"tags":[],"_links":{"self":[{"href":"https:\/\/www.facet.unt.edu.ar\/facetinforma\/wp-json\/wp\/v2\/posts\/19903"}],"collection":[{"href":"https:\/\/www.facet.unt.edu.ar\/facetinforma\/wp-json\/wp\/v2\/posts"}],"about":[{"href":"https:\/\/www.facet.unt.edu.ar\/facetinforma\/wp-json\/wp\/v2\/types\/post"}],"author":[{"embeddable":true,"href":"https:\/\/www.facet.unt.edu.ar\/facetinforma\/wp-json\/wp\/v2\/users\/6"}],"replies":[{"embeddable":true,"href":"https:\/\/www.facet.unt.edu.ar\/facetinforma\/wp-json\/wp\/v2\/comments?post=19903"}],"version-history":[{"count":3,"href":"https:\/\/www.facet.unt.edu.ar\/facetinforma\/wp-json\/wp\/v2\/posts\/19903\/revisions"}],"predecessor-version":[{"id":19907,"href":"https:\/\/www.facet.unt.edu.ar\/facetinforma\/wp-json\/wp\/v2\/posts\/19903\/revisions\/19907"}],"wp:attachment":[{"href":"https:\/\/www.facet.unt.edu.ar\/facetinforma\/wp-json\/wp\/v2\/media?parent=19903"}],"wp:term":[{"taxonomy":"category","embeddable":true,"href":"https:\/\/www.facet.unt.edu.ar\/facetinforma\/wp-json\/wp\/v2\/categories?post=19903"},{"taxonomy":"post_tag","embeddable":true,"href":"https:\/\/www.facet.unt.edu.ar\/facetinforma\/wp-json\/wp\/v2\/tags?post=19903"}],"curies":[{"name":"wp","href":"https:\/\/api.w.org\/{rel}","templated":true}]}}