{"id":19917,"date":"2019-11-28T10:56:49","date_gmt":"2019-11-28T13:56:49","guid":{"rendered":"https:\/\/www.facet.unt.edu.ar\/facetinforma\/?p=19917"},"modified":"2019-11-28T10:56:52","modified_gmt":"2019-11-28T13:56:52","slug":"seminario-degeneraciones-de-estructuras-simplecticas-sobre-algebras-lie","status":"publish","type":"post","link":"https:\/\/www.facet.unt.edu.ar\/facetinforma\/2019\/11\/28\/seminario-degeneraciones-de-estructuras-simplecticas-sobre-algebras-lie\/","title":{"rendered":"Seminario \u201cDegeneraciones de estructuras simpl\u00e9cticas sobre \u00e1lgebras Lie&#8221;"},"content":{"rendered":"<div id=\"pl-19917\"  class=\"panel-layout\"><div id=\"pg-19917-0\"  class=\"panel-grid panel-no-style\"><div id=\"pgc-19917-0-0\"  class=\"panel-grid-cell\"><div id=\"panel-19917-0-0-0\" class=\"so-panel widget widget_black-studio-tinymce widget_black_studio_tinymce panel-first-child panel-last-child\" data-index=\"0\"><div class=\"textwidget\"><p><a href=\"https:\/\/www.facet.unt.edu.ar\/facetinforma\/wp-content\/uploads\/sites\/9\/2019\/11\/seminario.png\"><img class=\"aligncenter size-full wp-image-19918\" src=\"https:\/\/www.facet.unt.edu.ar\/facetinforma\/wp-content\/uploads\/sites\/9\/2019\/11\/seminario.png\" alt=\"\" width=\"940\" height=\"788\" \/><\/a><\/p>\n<\/div><\/div><\/div><div id=\"pgc-19917-0-1\"  class=\"panel-grid-cell\"><div id=\"panel-19917-0-1-0\" class=\"so-panel widget widget_sow-editor panel-first-child panel-last-child\" data-index=\"1\"><div\n\t\t\t\n\t\t\tclass=\"so-widget-sow-editor so-widget-sow-editor-base\">\n<div class=\"siteorigin-widget-tinymce textwidget\">\n\t<p style=\"text-align: justify;\">En el marco de los Seminarios de Divulgaci\u00f3n Cient\u00edfica en Matem\u00e1tica de la Maestr\u00eda en Matem\u00e1tica de la FACET, se invita a alumnos, docentes y p\u00fablico en general a participar del seminario \u201c<strong>Degeneraciones de estructuras simpl\u00e9cticas sobre \u00e1lgebras Lie<\/strong>\", a cargo de la <strong>Prof. Nadina Rojas<\/strong> (Investigador asistente del CONICET y Profesora Adjunta de la FaCEFyN, U. N. de C\u00f3rdoba). El mismo se desarrollar\u00e1 ma\u00f1ana viernes 29 de noviembre, a las 12:15 hs, en el Aula 2-4-9, Block 2, 4\u00b0 Piso, de la FACET. <\/p><\/div><\/div><\/div><\/div><\/div><\/div><p><a class=\"more-link\" href=\"https:\/\/www.facet.unt.edu.ar\/facetinforma\/2019\/11\/28\/seminario-degeneraciones-de-estructuras-simplecticas-sobre-algebras-lie\/\">Leer m\u00e1s<span class=\"meta-nav\">&rarr;<\/span><\/a><\/p>","protected":false},"excerpt":{"rendered":"<p>En el marco de los Seminarios de Divulgaci\u00f3n Cient\u00edfica en Matem\u00e1tica de la Maestr\u00eda en Matem\u00e1tica de la FACET, se invita a alumnos, docentes y p\u00fablico en general a participar del seminario \u201cDegeneraciones de estructuras simpl\u00e9cticas sobre \u00e1lgebras Lie&#8221;, a cargo de la Prof. Nadina Rojas (Investigador asistente del CONICET y Profesora Adjunta de la [&hellip;]<\/p>\n","protected":false},"author":6,"featured_media":0,"comment_status":"closed","ping_status":"closed","sticky":false,"template":"","format":"standard","meta":[],"categories":[22,5],"tags":[],"_links":{"self":[{"href":"https:\/\/www.facet.unt.edu.ar\/facetinforma\/wp-json\/wp\/v2\/posts\/19917"}],"collection":[{"href":"https:\/\/www.facet.unt.edu.ar\/facetinforma\/wp-json\/wp\/v2\/posts"}],"about":[{"href":"https:\/\/www.facet.unt.edu.ar\/facetinforma\/wp-json\/wp\/v2\/types\/post"}],"author":[{"embeddable":true,"href":"https:\/\/www.facet.unt.edu.ar\/facetinforma\/wp-json\/wp\/v2\/users\/6"}],"replies":[{"embeddable":true,"href":"https:\/\/www.facet.unt.edu.ar\/facetinforma\/wp-json\/wp\/v2\/comments?post=19917"}],"version-history":[{"count":1,"href":"https:\/\/www.facet.unt.edu.ar\/facetinforma\/wp-json\/wp\/v2\/posts\/19917\/revisions"}],"predecessor-version":[{"id":19919,"href":"https:\/\/www.facet.unt.edu.ar\/facetinforma\/wp-json\/wp\/v2\/posts\/19917\/revisions\/19919"}],"wp:attachment":[{"href":"https:\/\/www.facet.unt.edu.ar\/facetinforma\/wp-json\/wp\/v2\/media?parent=19917"}],"wp:term":[{"taxonomy":"category","embeddable":true,"href":"https:\/\/www.facet.unt.edu.ar\/facetinforma\/wp-json\/wp\/v2\/categories?post=19917"},{"taxonomy":"post_tag","embeddable":true,"href":"https:\/\/www.facet.unt.edu.ar\/facetinforma\/wp-json\/wp\/v2\/tags?post=19917"}],"curies":[{"name":"wp","href":"https:\/\/api.w.org\/{rel}","templated":true}]}}