{"id":19930,"date":"2019-12-02T17:01:42","date_gmt":"2019-12-02T20:01:42","guid":{"rendered":"https:\/\/www.facet.unt.edu.ar\/facetinforma\/?p=19930"},"modified":"2019-12-02T17:15:47","modified_gmt":"2019-12-02T20:15:47","slug":"jornadas-difusion-avance-de-evaluacion-y-autoevaluacion-institucional-unt","status":"publish","type":"post","link":"https:\/\/www.facet.unt.edu.ar\/facetinforma\/2019\/12\/02\/jornadas-difusion-avance-de-evaluacion-y-autoevaluacion-institucional-unt\/","title":{"rendered":"Jornadas Difusi\u00f3n Avances de Evaluaci\u00f3n y Autoevaluaci\u00f3n Institucional UNT"},"content":{"rendered":"<div id=\"pl-19930\"  class=\"panel-layout\"><div id=\"pg-19930-0\"  class=\"panel-grid panel-no-style\"><div id=\"pgc-19930-0-0\"  class=\"panel-grid-cell\"><div id=\"panel-19930-0-0-0\" class=\"so-panel widget widget_black-studio-tinymce widget_black_studio_tinymce panel-first-child panel-last-child\" data-index=\"0\"><div class=\"textwidget\"><p><a href=\"https:\/\/www.facet.unt.edu.ar\/facetinforma\/wp-content\/uploads\/sites\/9\/2019\/12\/AUTOEVALUACION.jpg\"><img class=\"aligncenter size-full wp-image-19932\" src=\"https:\/\/www.facet.unt.edu.ar\/facetinforma\/wp-content\/uploads\/sites\/9\/2019\/12\/AUTOEVALUACION.jpg\" alt=\"\" width=\"476\" height=\"420\" \/><\/a><\/p>\n<\/div><\/div><\/div><div id=\"pgc-19930-0-1\"  class=\"panel-grid-cell\"><div id=\"panel-19930-0-1-0\" class=\"so-panel widget widget_sow-editor panel-first-child panel-last-child\" data-index=\"1\"><div\n\t\t\t\n\t\t\tclass=\"so-widget-sow-editor so-widget-sow-editor-base\">\n<div class=\"siteorigin-widget-tinymce textwidget\">\n\t<p style=\"text-align: justify;\">La Secretar\u00eda Acad\u00e9mica de la UNT invita a docentes, no docentes, estudiantes y graduados a participar de las jornadas donde se presentar\u00e1n los Avances del Informe de Evaluaci\u00f3n y Autoevaluaci\u00f3n Institucional de la UNT. <\/p><\/div><\/div><\/div><\/div><\/div><\/div><p><a class=\"more-link\" href=\"https:\/\/www.facet.unt.edu.ar\/facetinforma\/2019\/12\/02\/jornadas-difusion-avance-de-evaluacion-y-autoevaluacion-institucional-unt\/\">Leer m\u00e1s<span class=\"meta-nav\">&rarr;<\/span><\/a><\/p>","protected":false},"excerpt":{"rendered":"<p>La Secretar\u00eda Acad\u00e9mica de la UNT invita a docentes, no docentes, estudiantes y graduados a participar de las jornadas donde se presentar\u00e1n los Avances del Informe de Evaluaci\u00f3n y Autoevaluaci\u00f3n Institucional de la UNT. Para ello, se organiz\u00f3 4 encuentros grupales por zona, durante los d\u00edas martes 3 y jueves 5 de diciembre: 1) Martes [&hellip;]<\/p>\n","protected":false},"author":6,"featured_media":0,"comment_status":"closed","ping_status":"closed","sticky":false,"template":"","format":"standard","meta":[],"categories":[5],"tags":[],"_links":{"self":[{"href":"https:\/\/www.facet.unt.edu.ar\/facetinforma\/wp-json\/wp\/v2\/posts\/19930"}],"collection":[{"href":"https:\/\/www.facet.unt.edu.ar\/facetinforma\/wp-json\/wp\/v2\/posts"}],"about":[{"href":"https:\/\/www.facet.unt.edu.ar\/facetinforma\/wp-json\/wp\/v2\/types\/post"}],"author":[{"embeddable":true,"href":"https:\/\/www.facet.unt.edu.ar\/facetinforma\/wp-json\/wp\/v2\/users\/6"}],"replies":[{"embeddable":true,"href":"https:\/\/www.facet.unt.edu.ar\/facetinforma\/wp-json\/wp\/v2\/comments?post=19930"}],"version-history":[{"count":4,"href":"https:\/\/www.facet.unt.edu.ar\/facetinforma\/wp-json\/wp\/v2\/posts\/19930\/revisions"}],"predecessor-version":[{"id":19938,"href":"https:\/\/www.facet.unt.edu.ar\/facetinforma\/wp-json\/wp\/v2\/posts\/19930\/revisions\/19938"}],"wp:attachment":[{"href":"https:\/\/www.facet.unt.edu.ar\/facetinforma\/wp-json\/wp\/v2\/media?parent=19930"}],"wp:term":[{"taxonomy":"category","embeddable":true,"href":"https:\/\/www.facet.unt.edu.ar\/facetinforma\/wp-json\/wp\/v2\/categories?post=19930"},{"taxonomy":"post_tag","embeddable":true,"href":"https:\/\/www.facet.unt.edu.ar\/facetinforma\/wp-json\/wp\/v2\/tags?post=19930"}],"curies":[{"name":"wp","href":"https:\/\/api.w.org\/{rel}","templated":true}]}}