{"id":20008,"date":"2019-12-20T19:44:52","date_gmt":"2019-12-20T22:44:52","guid":{"rendered":"https:\/\/www.facet.unt.edu.ar\/facetinforma\/?p=20008"},"modified":"2019-12-20T20:15:49","modified_gmt":"2019-12-20T23:15:49","slug":"el-dpto-de-matematica-de-la-facet-integra-un-proyecto-aprobado-por-la-spu-ema-2019","status":"publish","type":"post","link":"https:\/\/www.facet.unt.edu.ar\/facetinforma\/2019\/12\/20\/el-dpto-de-matematica-de-la-facet-integra-un-proyecto-aprobado-por-la-spu-ema-2019\/","title":{"rendered":"El Departamento de Matem\u00e1tica de la FACET integra un proyecto aprobado por la SPU &#8211; EMA 2019"},"content":{"rendered":"<p style=\"text-align: justify;\">Las Autoridades de la FACET felicitan al equipo del Departamento de Matem\u00e1tica de esta unidad acad\u00e9mica por el proyecto presentado en la convocatoria 2019 de la l\u00ednea de trabajo dirigida a mejorar y fortalecer la formaci\u00f3n en la \u201cEnse\u00f1anza de la Matem\u00e1tica (EMA)\u201d del Programa LOGROS, titulado: &#8220;El rol de la matem\u00e1tica en la formaci\u00f3n acad\u00e9mica y profesional de los estudiantes de educaci\u00f3n superior. Una reflexi\u00f3n sobre la ense\u00f1anza&#8221;, el cual fue evaluado satisfactoriamente y cuenta con aprobaci\u00f3n y asignaci\u00f3n de fondos mediante la <a href=\"https:\/\/www.facet.unt.edu.ar\/facetinforma\/wp-content\/uploads\/sites\/9\/2019\/12\/RESOL-2019-330-APN-SECPUMECCYT.pdf\" target=\"_blank\" rel=\"noopener noreferrer\">Resoluci\u00f3n N\u00b0 330\/2019<\/a> de la Secretar\u00eda de Pol\u00edticas Universitarias (SPU).<!--more--><\/p>\n<p style=\"text-align: justify;\">La Universidad Nacional Santiago del Estero, la Universidad Nacional de Tucum\u00e1n y el Ministerio de Educaci\u00f3n de la Provincia de Tucum\u00e1n, presentaron este proyecto en Red.<\/p>\n<p style=\"text-align: justify;\">El Programa Logros tiene la finalidad de promover y apoyar el desarrollo de competencias en los estudiantes para la realizaci\u00f3n aut\u00f3noma de actividades que favorezcan el buen desempe\u00f1o en los estudios superiores y su formaci\u00f3n para la vida profesional, propiciando un perfil de egresado m\u00e1s y mejor capacitado para el trabajo colaborativo.<\/p>\n<p style=\"text-align: justify;\">\n","protected":false},"excerpt":{"rendered":"<p>Las Autoridades de la FACET felicitan al equipo del Departamento de Matem\u00e1tica de esta unidad acad\u00e9mica por el proyecto presentado en la convocatoria 2019 de la l\u00ednea de trabajo dirigida a mejorar y fortalecer la formaci\u00f3n en la \u201cEnse\u00f1anza de la Matem\u00e1tica (EMA)\u201d del Programa LOGROS, titulado: &#8220;El rol de la matem\u00e1tica en la formaci\u00f3n [&hellip;]<\/p>\n","protected":false},"author":6,"featured_media":0,"comment_status":"closed","ping_status":"closed","sticky":false,"template":"","format":"standard","meta":[],"categories":[5],"tags":[],"_links":{"self":[{"href":"https:\/\/www.facet.unt.edu.ar\/facetinforma\/wp-json\/wp\/v2\/posts\/20008"}],"collection":[{"href":"https:\/\/www.facet.unt.edu.ar\/facetinforma\/wp-json\/wp\/v2\/posts"}],"about":[{"href":"https:\/\/www.facet.unt.edu.ar\/facetinforma\/wp-json\/wp\/v2\/types\/post"}],"author":[{"embeddable":true,"href":"https:\/\/www.facet.unt.edu.ar\/facetinforma\/wp-json\/wp\/v2\/users\/6"}],"replies":[{"embeddable":true,"href":"https:\/\/www.facet.unt.edu.ar\/facetinforma\/wp-json\/wp\/v2\/comments?post=20008"}],"version-history":[{"count":3,"href":"https:\/\/www.facet.unt.edu.ar\/facetinforma\/wp-json\/wp\/v2\/posts\/20008\/revisions"}],"predecessor-version":[{"id":20015,"href":"https:\/\/www.facet.unt.edu.ar\/facetinforma\/wp-json\/wp\/v2\/posts\/20008\/revisions\/20015"}],"wp:attachment":[{"href":"https:\/\/www.facet.unt.edu.ar\/facetinforma\/wp-json\/wp\/v2\/media?parent=20008"}],"wp:term":[{"taxonomy":"category","embeddable":true,"href":"https:\/\/www.facet.unt.edu.ar\/facetinforma\/wp-json\/wp\/v2\/categories?post=20008"},{"taxonomy":"post_tag","embeddable":true,"href":"https:\/\/www.facet.unt.edu.ar\/facetinforma\/wp-json\/wp\/v2\/tags?post=20008"}],"curies":[{"name":"wp","href":"https:\/\/api.w.org\/{rel}","templated":true}]}}