{"id":20151,"date":"2020-02-19T10:38:42","date_gmt":"2020-02-19T13:38:42","guid":{"rendered":"https:\/\/www.facet.unt.edu.ar\/facetinforma\/?p=20151"},"modified":"2020-02-19T10:38:43","modified_gmt":"2020-02-19T13:38:43","slug":"xv-encuentro-iberoamericano-de-mujeres-ingenieras-arquitectas-y-agrimensoras-eimiaa-2020","status":"publish","type":"post","link":"https:\/\/www.facet.unt.edu.ar\/facetinforma\/2020\/02\/19\/xv-encuentro-iberoamericano-de-mujeres-ingenieras-arquitectas-y-agrimensoras-eimiaa-2020\/","title":{"rendered":"XV Encuentro Iberoamericano de Mujeres Ingenieras, Arquitectas y Agrimensoras &#8211; EIMIAA 2020"},"content":{"rendered":"<div id=\"pl-20151\"  class=\"panel-layout\"><div id=\"pg-20151-0\"  class=\"panel-grid panel-no-style\"><div id=\"pgc-20151-0-0\"  class=\"panel-grid-cell\"><div id=\"panel-20151-0-0-0\" class=\"so-panel widget widget_black-studio-tinymce widget_black_studio_tinymce panel-first-child panel-last-child\" data-index=\"0\"><div class=\"textwidget\"><p><a href=\"https:\/\/www.facet.unt.edu.ar\/facetinforma\/wp-content\/uploads\/sites\/9\/2020\/02\/EIMIAA-2020.jpg\"><img class=\"aligncenter  wp-image-20152\" src=\"https:\/\/www.facet.unt.edu.ar\/facetinforma\/wp-content\/uploads\/sites\/9\/2020\/02\/EIMIAA-2020.jpg\" alt=\"\" width=\"513\" height=\"725\" \/><\/a><\/p>\n<\/div><\/div><\/div><div id=\"pgc-20151-0-1\"  class=\"panel-grid-cell\"><div id=\"panel-20151-0-1-0\" class=\"so-panel widget widget_sow-editor panel-first-child panel-last-child\" data-index=\"1\"><div\n\t\t\t\n\t\t\tclass=\"so-widget-sow-editor so-widget-sow-editor-base\">\n<div class=\"siteorigin-widget-tinymce textwidget\">\n\t<p style=\"text-align: justify;\">Se invita a la comunidad de la FACET a participar del <strong>\"XV Encuentro Iberoamericano de Mujeres Ingenieras, Arquitectas y Agrimensoras, EIMIAA 2020\"<\/strong>, que se realizar\u00e1 del <strong>3 al 8 de agosto del 2020<\/strong>, en Trujillo, capital del departamento La Libertad, ubicado al norte del Per\u00fa. <\/p><\/div><\/div><\/div><\/div><\/div><\/div><p><a class=\"more-link\" href=\"https:\/\/www.facet.unt.edu.ar\/facetinforma\/2020\/02\/19\/xv-encuentro-iberoamericano-de-mujeres-ingenieras-arquitectas-y-agrimensoras-eimiaa-2020\/\">Leer m\u00e1s<span class=\"meta-nav\">&rarr;<\/span><\/a><\/p>","protected":false},"excerpt":{"rendered":"<p>Se invita a la comunidad de la FACET a participar del &#8220;XV Encuentro Iberoamericano de Mujeres Ingenieras, Arquitectas y Agrimensoras, EIMIAA 2020&#8221;, que se realizar\u00e1 del 3 al 8 de agosto del 2020, en Trujillo, capital del departamento La Libertad, ubicado al norte del Per\u00fa. En esta ocasi\u00f3n, el lema central ser\u00e1 &#8220;La mujer en [&hellip;]<\/p>\n","protected":false},"author":6,"featured_media":0,"comment_status":"closed","ping_status":"closed","sticky":false,"template":"","format":"standard","meta":[],"categories":[5],"tags":[],"_links":{"self":[{"href":"https:\/\/www.facet.unt.edu.ar\/facetinforma\/wp-json\/wp\/v2\/posts\/20151"}],"collection":[{"href":"https:\/\/www.facet.unt.edu.ar\/facetinforma\/wp-json\/wp\/v2\/posts"}],"about":[{"href":"https:\/\/www.facet.unt.edu.ar\/facetinforma\/wp-json\/wp\/v2\/types\/post"}],"author":[{"embeddable":true,"href":"https:\/\/www.facet.unt.edu.ar\/facetinforma\/wp-json\/wp\/v2\/users\/6"}],"replies":[{"embeddable":true,"href":"https:\/\/www.facet.unt.edu.ar\/facetinforma\/wp-json\/wp\/v2\/comments?post=20151"}],"version-history":[{"count":1,"href":"https:\/\/www.facet.unt.edu.ar\/facetinforma\/wp-json\/wp\/v2\/posts\/20151\/revisions"}],"predecessor-version":[{"id":20153,"href":"https:\/\/www.facet.unt.edu.ar\/facetinforma\/wp-json\/wp\/v2\/posts\/20151\/revisions\/20153"}],"wp:attachment":[{"href":"https:\/\/www.facet.unt.edu.ar\/facetinforma\/wp-json\/wp\/v2\/media?parent=20151"}],"wp:term":[{"taxonomy":"category","embeddable":true,"href":"https:\/\/www.facet.unt.edu.ar\/facetinforma\/wp-json\/wp\/v2\/categories?post=20151"},{"taxonomy":"post_tag","embeddable":true,"href":"https:\/\/www.facet.unt.edu.ar\/facetinforma\/wp-json\/wp\/v2\/tags?post=20151"}],"curies":[{"name":"wp","href":"https:\/\/api.w.org\/{rel}","templated":true}]}}