{"id":20193,"date":"2020-03-04T10:06:51","date_gmt":"2020-03-04T13:06:51","guid":{"rendered":"https:\/\/www.facet.unt.edu.ar\/facetinforma\/?p=20193"},"modified":"2020-03-04T11:22:22","modified_gmt":"2020-03-04T14:22:22","slug":"20193","status":"publish","type":"post","link":"https:\/\/www.facet.unt.edu.ar\/facetinforma\/2020\/03\/04\/20193\/","title":{"rendered":"INGETRONICA 2020 &#8211; Curso de capacitaci\u00f3n \u201cProgramaci\u00f3n de Microcontroladores PIC\u201d"},"content":{"rendered":"<div id=\"pl-20193\"  class=\"panel-layout\"><div id=\"pg-20193-0\"  class=\"panel-grid panel-no-style\"><div id=\"pgc-20193-0-0\"  class=\"panel-grid-cell\"><div id=\"panel-20193-0-0-0\" class=\"so-panel widget widget_black-studio-tinymce widget_black_studio_tinymce panel-first-child panel-last-child\" data-index=\"0\"><div class=\"textwidget\"><p><a href=\"https:\/\/www.facet.unt.edu.ar\/facetinforma\/wp-content\/uploads\/sites\/9\/2020\/03\/Flyer.jpg\"><img class=\"aligncenter size-large wp-image-20198\" src=\"https:\/\/www.facet.unt.edu.ar\/facetinforma\/wp-content\/uploads\/sites\/9\/2020\/03\/Flyer-1024x576.jpg\" alt=\"\" width=\"720\" height=\"405\" \/><\/a><\/p>\n<\/div><\/div><\/div><div id=\"pgc-20193-0-1\"  class=\"panel-grid-cell\"><div id=\"panel-20193-0-1-0\" class=\"so-panel widget widget_sow-editor panel-first-child panel-last-child\" data-index=\"1\"><div\n\t\t\t\n\t\t\tclass=\"so-widget-sow-editor so-widget-sow-editor-base\">\n<div class=\"siteorigin-widget-tinymce textwidget\">\n\t<p style=\"text-align: justify;\">El <strong>13 de marzo<\/strong> dar\u00e1 inicio en la FACET el <strong>Curso de Capacitaci\u00f3n \"Programaci\u00f3n de Microcontroladores PIC\", <\/strong>a cargo de los ingenieros:<strong> Luis Di Pinto<\/strong> y <strong>Mart\u00edn Ju\u00e1rez<\/strong> (docentes del DEEC - FACET \u2013 UNT). El mismo est\u00e1 orientado tanto a estudiantes de ingenier\u00eda (electr\u00f3nica, el\u00e9ctrica, computaci\u00f3n y biom\u00e9dica) como a docentes universitarios, t\u00e9cnicos y p\u00fablico en general, que deseen incorporar conocimientos de electr\u00f3nica digital programable por hardware.<\/p><\/div><\/div><\/div><\/div><\/div><\/div><p><a class=\"more-link\" href=\"https:\/\/www.facet.unt.edu.ar\/facetinforma\/2020\/03\/04\/20193\/\">Leer m\u00e1s<span class=\"meta-nav\">&rarr;<\/span><\/a><\/p>","protected":false},"excerpt":{"rendered":"<p>El 13 de marzo dar\u00e1 inicio en la FACET el Curso de Capacitaci\u00f3n &#8220;Programaci\u00f3n de Microcontroladores PIC&#8221;, a cargo de los ingenieros: Luis Di Pinto y Mart\u00edn Ju\u00e1rez (docentes del DEEC &#8211; FACET \u2013 UNT). El mismo est\u00e1 orientado tanto a estudiantes de ingenier\u00eda (electr\u00f3nica, el\u00e9ctrica, computaci\u00f3n y biom\u00e9dica) como a docentes universitarios, t\u00e9cnicos y [&hellip;]<\/p>\n","protected":false},"author":6,"featured_media":0,"comment_status":"closed","ping_status":"closed","sticky":false,"template":"","format":"standard","meta":[],"categories":[5],"tags":[],"_links":{"self":[{"href":"https:\/\/www.facet.unt.edu.ar\/facetinforma\/wp-json\/wp\/v2\/posts\/20193"}],"collection":[{"href":"https:\/\/www.facet.unt.edu.ar\/facetinforma\/wp-json\/wp\/v2\/posts"}],"about":[{"href":"https:\/\/www.facet.unt.edu.ar\/facetinforma\/wp-json\/wp\/v2\/types\/post"}],"author":[{"embeddable":true,"href":"https:\/\/www.facet.unt.edu.ar\/facetinforma\/wp-json\/wp\/v2\/users\/6"}],"replies":[{"embeddable":true,"href":"https:\/\/www.facet.unt.edu.ar\/facetinforma\/wp-json\/wp\/v2\/comments?post=20193"}],"version-history":[{"count":6,"href":"https:\/\/www.facet.unt.edu.ar\/facetinforma\/wp-json\/wp\/v2\/posts\/20193\/revisions"}],"predecessor-version":[{"id":20207,"href":"https:\/\/www.facet.unt.edu.ar\/facetinforma\/wp-json\/wp\/v2\/posts\/20193\/revisions\/20207"}],"wp:attachment":[{"href":"https:\/\/www.facet.unt.edu.ar\/facetinforma\/wp-json\/wp\/v2\/media?parent=20193"}],"wp:term":[{"taxonomy":"category","embeddable":true,"href":"https:\/\/www.facet.unt.edu.ar\/facetinforma\/wp-json\/wp\/v2\/categories?post=20193"},{"taxonomy":"post_tag","embeddable":true,"href":"https:\/\/www.facet.unt.edu.ar\/facetinforma\/wp-json\/wp\/v2\/tags?post=20193"}],"curies":[{"name":"wp","href":"https:\/\/api.w.org\/{rel}","templated":true}]}}